{"id":190375,"date":"2026-01-13T19:08:15","date_gmt":"2026-01-14T01:08:15","guid":{"rendered":"https:\/\/canal7slp.tv\/2026\/?p=190375"},"modified":"2026-01-13T19:08:15","modified_gmt":"2026-01-14T01:08:15","slug":"deficit-de-operarios-por-inseguridad-en-carreteras-del-pais-afirma-aspirante-a-la-presidencia-de-la-camara-nacional-del-autotransporte-de-carga","status":"publish","type":"post","link":"https:\/\/canal7slp.tv\/2026\/deficit-de-operarios-por-inseguridad-en-carreteras-del-pais-afirma-aspirante-a-la-presidencia-de-la-camara-nacional-del-autotransporte-de-carga\/","title":{"rendered":"D\u00e9ficit de operarios por inseguridad en carreteras del pa\u00eds, afirma aspirante a la presidencia de la C\u00e1mara Nacional del Autotransporte de Carga"},"content":{"rendered":"<p style=\"text-align: justify;\"><span style=\"font-size: 1.21429rem;\">SLP.- Ramiro Montemayor, aspirante a la presidencia nacional de la C\u00e1mara Nacional del Autotransporte de Carga opin\u00f3 que en el marco de la pr\u00f3xima revisi\u00f3n del T-MEC, M\u00e9xico est\u00e1 en desventaja en lo laboral frente a Estados Unidos y Canad\u00e1 en lo que se refiere a este sector.<\/span><\/p>\n<p style=\"text-align: justify;\">Coment\u00f3 lo anterior al decir que en el marco de este tratado evidentemente las condiciones laborales no son las mismas frente a sus socios comerciales.<\/p>\n<p style=\"text-align: justify;\">En este marco, se\u00f1al\u00f3 que el reto ser\u00e1 unificar las condiciones laborales del sector del autotransporte entre estos tres pa\u00edses.<\/p>\n<p style=\"text-align: justify;\">Asimismo, dijo que otro reto es en el tema de la inseguridad al comentar que aunque San Luis Potos\u00ed no lo considera como un estado de riesgo en sus carreteras, dijo sin embargo que hay poca demanda de operarios precisamente por la inseguridad en las carreteras del pa\u00eds.<\/p>\n<p style=\"text-align: justify;\">En este contexto, se\u00f1al\u00f3 el d\u00e9ficit de operarios que se registra a nivel nacional en el sector del autotransporte de carga.<\/p>\n<p style=\"text-align: justify;\">Por: Claudio Ibarra<\/p>\n","protected":false},"excerpt":{"rendered":"<p>SLP.- Ramiro Montemayor, aspirante a la presidencia nacional de la C\u00e1mara Nacional del Autotransporte de Carga opin\u00f3 que en el marco de la pr\u00f3xima revisi\u00f3n del T-MEC, M\u00e9xico est\u00e1 en desventaja en lo laboral frente a Estados Unidos y Canad\u00e1 en lo que se refiere a este sector. Coment\u00f3 lo anterior al decir que en el marco de este tratado evidentemente las condiciones laborales no son las mismas frente a sus socios comerciales. En este marco, se\u00f1al\u00f3 que el reto ser\u00e1 unificar las condiciones laborales del sector del autotransporte entre estos tres pa\u00edses. Asimismo, dijo que otro reto es en [&hellip;]<\/p>\n","protected":false},"author":2,"featured_media":190384,"comment_status":"closed","ping_status":"closed","sticky":false,"template":"","format":"video","meta":{"_monsterinsights_skip_tracking":false,"_monsterinsights_sitenote_active":false,"_monsterinsights_sitenote_note":"","_monsterinsights_sitenote_category":0,"footnotes":""},"categories":[5,45],"tags":[],"class_list":["post-190375","post","type-post","status-publish","format-video","has-post-thumbnail","hentry","category-destacadas","category-localesyregionales","post_format-post-format-video","post--single"],"_links":{"self":[{"href":"https:\/\/canal7slp.tv\/2026\/wp-json\/wp\/v2\/posts\/190375","targetHints":{"allow":["GET"]}}],"collection":[{"href":"https:\/\/canal7slp.tv\/2026\/wp-json\/wp\/v2\/posts"}],"about":[{"href":"https:\/\/canal7slp.tv\/2026\/wp-json\/wp\/v2\/types\/post"}],"author":[{"embeddable":true,"href":"https:\/\/canal7slp.tv\/2026\/wp-json\/wp\/v2\/users\/2"}],"replies":[{"embeddable":true,"href":"https:\/\/canal7slp.tv\/2026\/wp-json\/wp\/v2\/comments?post=190375"}],"version-history":[{"count":2,"href":"https:\/\/canal7slp.tv\/2026\/wp-json\/wp\/v2\/posts\/190375\/revisions"}],"predecessor-version":[{"id":190392,"href":"https:\/\/canal7slp.tv\/2026\/wp-json\/wp\/v2\/posts\/190375\/revisions\/190392"}],"wp:featuredmedia":[{"embeddable":true,"href":"https:\/\/canal7slp.tv\/2026\/wp-json\/wp\/v2\/media\/190384"}],"wp:attachment":[{"href":"https:\/\/canal7slp.tv\/2026\/wp-json\/wp\/v2\/media?parent=190375"}],"wp:term":[{"taxonomy":"category","embeddable":true,"href":"https:\/\/canal7slp.tv\/2026\/wp-json\/wp\/v2\/categories?post=190375"},{"taxonomy":"post_tag","embeddable":true,"href":"https:\/\/canal7slp.tv\/2026\/wp-json\/wp\/v2\/tags?post=190375"}],"curies":[{"name":"wp","href":"https:\/\/api.w.org\/{rel}","templated":true}]}}