{"id":190356,"date":"2026-01-13T15:26:19","date_gmt":"2026-01-13T21:26:19","guid":{"rendered":"https:\/\/canal7slp.tv\/2026\/?p=190356"},"modified":"2026-01-13T15:26:19","modified_gmt":"2026-01-13T21:26:19","slug":"trump-califica-al-t-mec-como-irrelevante","status":"publish","type":"post","link":"https:\/\/canal7slp.tv\/2026\/trump-califica-al-t-mec-como-irrelevante\/","title":{"rendered":"Trump califica al T-MEC como \u201cirrelevante\u201d"},"content":{"rendered":"<p style=\"text-align: justify;\">\n<ul style=\"text-align: justify;\">\n<li>Asegura que EU no necesita autos de M\u00e9xico.<\/li>\n<\/ul>\n<p style=\"text-align: justify;\">Michigan.- Este martes, el presidente de Estados Unidos, Donald Trump, calific\u00f3 el acuerdo comercial entre su pa\u00eds, M\u00e9xico y Canad\u00e1 (T-MEC) como \u201cirrelevante\u201d, al asegurar que no representa una ventaja real para la econom\u00eda estadounidense.<\/p>\n<p style=\"text-align: justify;\">Durante un recorrido por una planta de Ford Motor Co. en Dearborn, Michigan, el mandatario afirm\u00f3 que Estados Unidos no necesita \u201cautos hechos en M\u00e9xico\u201d y sostuvo que Canad\u00e1 depende del tratado comercial m\u00e1s que su pa\u00eds.<\/p>\n<p style=\"text-align: justify;\">Al ser cuestionado sobre una eventual renegociaci\u00f3n del T-MEC, Trump fue tajante al responder: \u201cNi siquiera pienso en el T-MEC\u201d.<\/p>\n<p style=\"text-align: justify;\">El presidente se\u00f1al\u00f3 que, si bien desea que a M\u00e9xico y Canad\u00e1 \u201cles vaya bien\u201d, el problema es que Estados Unidos \u201cno necesita su producto\u201d. En ese sentido, reiter\u00f3 su intenci\u00f3n de fortalecer la manufactura nacional, particularmente en el sector automotriz.<\/p>\n<p style=\"text-align: justify;\">Trump afirm\u00f3 que su prioridad es que los autom\u00f3viles se fabriquen en territorio estadounidense y asegur\u00f3 que empresas de distintos pa\u00edses, incluidos Canad\u00e1, M\u00e9xico, Jap\u00f3n y Alemania, est\u00e1n trasladando o abriendo plantas en Estados Unidos. \u201cTodos se est\u00e1n mudando aqu\u00ed\u201d, concluy\u00f3.<\/p>\n","protected":false},"excerpt":{"rendered":"<p>Asegura que EU no necesita autos de M\u00e9xico. Michigan.- Este martes, el presidente de Estados Unidos, Donald Trump, calific\u00f3 el acuerdo comercial entre su pa\u00eds, M\u00e9xico y Canad\u00e1 (T-MEC) como \u201cirrelevante\u201d, al asegurar que no representa una ventaja real para la econom\u00eda estadounidense. Durante un recorrido por una planta de Ford Motor Co. en Dearborn, Michigan, el mandatario afirm\u00f3 que Estados Unidos no necesita \u201cautos hechos en M\u00e9xico\u201d y sostuvo que Canad\u00e1 depende del tratado comercial m\u00e1s que su pa\u00eds. Al ser cuestionado sobre una eventual renegociaci\u00f3n del T-MEC, Trump fue tajante al responder: \u201cNi siquiera pienso en el T-MEC\u201d. [&hellip;]<\/p>\n","protected":false},"author":2,"featured_media":190357,"comment_status":"closed","ping_status":"closed","sticky":false,"template":"","format":"standard","meta":{"_monsterinsights_skip_tracking":false,"_monsterinsights_sitenote_active":false,"_monsterinsights_sitenote_note":"","_monsterinsights_sitenote_category":0,"footnotes":""},"categories":[40,44],"tags":[],"class_list":["post-190356","post","type-post","status-publish","format-standard","has-post-thumbnail","hentry","category-economia","category-internacional","post--single"],"_links":{"self":[{"href":"https:\/\/canal7slp.tv\/2026\/wp-json\/wp\/v2\/posts\/190356","targetHints":{"allow":["GET"]}}],"collection":[{"href":"https:\/\/canal7slp.tv\/2026\/wp-json\/wp\/v2\/posts"}],"about":[{"href":"https:\/\/canal7slp.tv\/2026\/wp-json\/wp\/v2\/types\/post"}],"author":[{"embeddable":true,"href":"https:\/\/canal7slp.tv\/2026\/wp-json\/wp\/v2\/users\/2"}],"replies":[{"embeddable":true,"href":"https:\/\/canal7slp.tv\/2026\/wp-json\/wp\/v2\/comments?post=190356"}],"version-history":[{"count":1,"href":"https:\/\/canal7slp.tv\/2026\/wp-json\/wp\/v2\/posts\/190356\/revisions"}],"predecessor-version":[{"id":190358,"href":"https:\/\/canal7slp.tv\/2026\/wp-json\/wp\/v2\/posts\/190356\/revisions\/190358"}],"wp:featuredmedia":[{"embeddable":true,"href":"https:\/\/canal7slp.tv\/2026\/wp-json\/wp\/v2\/media\/190357"}],"wp:attachment":[{"href":"https:\/\/canal7slp.tv\/2026\/wp-json\/wp\/v2\/media?parent=190356"}],"wp:term":[{"taxonomy":"category","embeddable":true,"href":"https:\/\/canal7slp.tv\/2026\/wp-json\/wp\/v2\/categories?post=190356"},{"taxonomy":"post_tag","embeddable":true,"href":"https:\/\/canal7slp.tv\/2026\/wp-json\/wp\/v2\/tags?post=190356"}],"curies":[{"name":"wp","href":"https:\/\/api.w.org\/{rel}","templated":true}]}}