{"id":190346,"date":"2026-01-13T18:35:44","date_gmt":"2026-01-14T00:35:44","guid":{"rendered":"https:\/\/canal7slp.tv\/2026\/?p=190346"},"modified":"2026-01-13T18:41:20","modified_gmt":"2026-01-14T00:41:20","slug":"ajuste-a-tarifa-del-transporte-urbano-sera-menor-a-lo-pedido-por-permisionarios","status":"publish","type":"post","link":"https:\/\/canal7slp.tv\/2026\/ajuste-a-tarifa-del-transporte-urbano-sera-menor-a-lo-pedido-por-permisionarios\/","title":{"rendered":"Ajuste a tarifa del transporte urbano ser\u00e1 menor a lo pedido por permisionarios"},"content":{"rendered":"<p style=\"text-align: justify;\">SLP.- La tarifa del transporte urbano en San Luis Potos\u00ed s\u00ed ser\u00e1 actualizada, sin embargo, el ajuste no corresponder\u00e1 al porcentaje que los concesionarios han planteado de manera reiterada, de acuerdo con la postura fijada por la autoridad estatal en materia de movilidad.<\/p>\n<p style=\"text-align: justify;\">\u201cNo de ninguna manera pues ellos quisieran un 50% de aumento, siempre, todo el tiempo est\u00e1n pidiendo m\u00e1s y m\u00e1s pero no hay manera, es lo correcto, es lo justo\u00bb, dijo la secretaria de Comunicaciones y Transportes, Araceli Mart\u00ednez Acosta.<\/p>\n<p style=\"text-align: justify;\">Se\u00f1al\u00f3 que la definici\u00f3n se encuentra sujeta a un an\u00e1lisis econ\u00f3mico que toma como referencia indicadores oficiales, con el objetivo de evitar un impacto desproporcionado para los usuarios del transporte p\u00fablico.<\/p>\n<p style=\"text-align: justify;\">\u201cEstamos trabajando, el d\u00eda 15 sale la publicaci\u00f3n, ser\u00e1 el ajuste de acuerdo a la publicaci\u00f3n que hicimos en el decreto anterior y de acuerdo al incremento del INPC (\u00cdndice Nacional de Precios al Consumidor)\u00bb, agreg\u00f3.<\/p>\n<p style=\"text-align: justify;\">Desde la Secretar\u00eda de Comunicaciones y Transportes se indic\u00f3 que cualquier modificaci\u00f3n a la tarifa estar\u00e1 acompa\u00f1ada de compromisos concretos por parte de los permisionarios, particularmente en lo relacionado con la mejora del servicio.<\/p>\n<p style=\"text-align: justify;\">Por ahora, la autoridad estatal evit\u00f3 adelantar cifras espec\u00edficas sobre el ajuste que se aplicar\u00e1, a la espera de concluir los c\u00e1lculos t\u00e9cnicos correspondientes.<\/p>\n<p style=\"text-align: justify;\">\u201cNo quiero de manera irresponsable de decir una cantidad&#8230; Me re\u00fano con el \u00e1rea, con los economistas que est\u00e1n haciendo ya los c\u00e1lculos y seguramente ya podr\u00edamos tener algo de informaci\u00f3n\u00bb, termin\u00f3.<\/p>\n<p>Por: Jos\u00e9 Luis V\u00e1zquez<\/p>\n","protected":false},"excerpt":{"rendered":"<p>SLP.- La tarifa del transporte urbano en San Luis Potos\u00ed s\u00ed ser\u00e1 actualizada, sin embargo, el ajuste no corresponder\u00e1 al porcentaje que los concesionarios han planteado de manera reiterada, de acuerdo con la postura fijada por la autoridad estatal en materia de movilidad. \u201cNo de ninguna manera pues ellos quisieran un 50% de aumento, siempre, todo el tiempo est\u00e1n pidiendo m\u00e1s y m\u00e1s pero no hay manera, es lo correcto, es lo justo\u00bb, dijo la secretaria de Comunicaciones y Transportes, Araceli Mart\u00ednez Acosta. Se\u00f1al\u00f3 que la definici\u00f3n se encuentra sujeta a un an\u00e1lisis econ\u00f3mico que toma como referencia indicadores oficiales, [&hellip;]<\/p>\n","protected":false},"author":2,"featured_media":190367,"comment_status":"closed","ping_status":"closed","sticky":false,"template":"","format":"video","meta":{"_monsterinsights_skip_tracking":false,"_monsterinsights_sitenote_active":false,"_monsterinsights_sitenote_note":"","_monsterinsights_sitenote_category":0,"footnotes":""},"categories":[5,510,45],"tags":[],"class_list":["post-190346","post","type-post","status-publish","format-video","has-post-thumbnail","hentry","category-destacadas","category-gobedoslp","category-localesyregionales","post_format-post-format-video","post--single"],"_links":{"self":[{"href":"https:\/\/canal7slp.tv\/2026\/wp-json\/wp\/v2\/posts\/190346","targetHints":{"allow":["GET"]}}],"collection":[{"href":"https:\/\/canal7slp.tv\/2026\/wp-json\/wp\/v2\/posts"}],"about":[{"href":"https:\/\/canal7slp.tv\/2026\/wp-json\/wp\/v2\/types\/post"}],"author":[{"embeddable":true,"href":"https:\/\/canal7slp.tv\/2026\/wp-json\/wp\/v2\/users\/2"}],"replies":[{"embeddable":true,"href":"https:\/\/canal7slp.tv\/2026\/wp-json\/wp\/v2\/comments?post=190346"}],"version-history":[{"count":5,"href":"https:\/\/canal7slp.tv\/2026\/wp-json\/wp\/v2\/posts\/190346\/revisions"}],"predecessor-version":[{"id":190390,"href":"https:\/\/canal7slp.tv\/2026\/wp-json\/wp\/v2\/posts\/190346\/revisions\/190390"}],"wp:featuredmedia":[{"embeddable":true,"href":"https:\/\/canal7slp.tv\/2026\/wp-json\/wp\/v2\/media\/190367"}],"wp:attachment":[{"href":"https:\/\/canal7slp.tv\/2026\/wp-json\/wp\/v2\/media?parent=190346"}],"wp:term":[{"taxonomy":"category","embeddable":true,"href":"https:\/\/canal7slp.tv\/2026\/wp-json\/wp\/v2\/categories?post=190346"},{"taxonomy":"post_tag","embeddable":true,"href":"https:\/\/canal7slp.tv\/2026\/wp-json\/wp\/v2\/tags?post=190346"}],"curies":[{"name":"wp","href":"https:\/\/api.w.org\/{rel}","templated":true}]}}