{"id":190313,"date":"2026-01-13T13:43:59","date_gmt":"2026-01-13T19:43:59","guid":{"rendered":"https:\/\/canal7slp.tv\/2026\/?p=190313"},"modified":"2026-01-13T13:43:59","modified_gmt":"2026-01-13T19:43:59","slug":"mas-de-3-6-millones-de-mexicanos-viven-con-depresion","status":"publish","type":"post","link":"https:\/\/canal7slp.tv\/2026\/mas-de-3-6-millones-de-mexicanos-viven-con-depresion\/","title":{"rendered":"M\u00e1s de 3.6 millones de mexicanos viven con depresi\u00f3n"},"content":{"rendered":"<ul>\n<li>La mayor\u00eda no recibe tratamiento.<\/li>\n<\/ul>\n<p style=\"text-align: justify;\">M\u00e9xico.- Con motivo del D\u00eda Mundial de la Lucha contra la Depresi\u00f3n, que se conmemora cada 13 de enero, el psiquiatra Alonso Morales Rivero, del Centro M\u00e9dico ABC, advirti\u00f3 que m\u00e1s de 3.6 millones de mexicanos padecen depresi\u00f3n, aunque m\u00e1s de la mitad de los casos no son diagnosticados ni tratados adecuadamente.<\/p>\n<p style=\"text-align: justify;\">El especialista se\u00f1al\u00f3 que m\u00e1s del 50% de las personas con depresi\u00f3n no recibe atenci\u00f3n, y que algunos estudios estiman que hasta el 70% no cuenta con un tratamiento adecuado, lo que incrementa el riesgo de que la enfermedad se cronifique y afecte gravemente la calidad de vida.<\/p>\n<p style=\"text-align: justify;\">Morales Rivero explic\u00f3 que la depresi\u00f3n no debe confundirse con la tristeza cotidiana, ya que se trata de un trastorno cl\u00ednico que afecta la funcionalidad de la persona. Sus dos s\u00edntomas principales son el estado de \u00e1nimo depresivo y la anhedonia, es decir, la incapacidad para experimentar placer. Para establecer un diagn\u00f3stico, estos s\u00edntomas deben persistir al menos 15 d\u00edas de manera continua.<\/p>\n<p style=\"text-align: justify;\">Entre los signos m\u00e1s relevantes se encuentran alteraciones en el apetito, dificultades cognitivas como problemas de concentraci\u00f3n, sentimientos persistentes de culpa o minusval\u00eda, as\u00ed como pensamientos suicidas. El especialista subray\u00f3 que cuando una persona pierde la funcionalidad y deja de disfrutar actividades que antes le resultaban gratificantes, ya no se trata de una emoci\u00f3n normal, sino de un trastorno mental.<\/p>\n<p style=\"text-align: justify;\">La depresi\u00f3n afecta de manera desigual a la poblaci\u00f3n. En M\u00e9xico, su prevalencia es hasta tres veces mayor en mujeres, especialmente entre los 40 y 59 a\u00f1os. En este grupo, representa la principal causa de discapacidad, mientras que en los hombres ocupa el noveno lugar.<\/p>\n<p style=\"text-align: justify;\">Datos del Instituto Nacional de Estad\u00edstica y Geograf\u00eda (Inegi) indican que m\u00e1s de 34 millones de personas han reportado haberse sentido deprimidas en alg\u00fan momento de su vida; sin embargo, solo una peque\u00f1a proporci\u00f3n recibe atenci\u00f3n farmacol\u00f3gica o psicoterap\u00e9utica adecuada.<\/p>\n<p style=\"text-align: justify;\">A pesar de su impacto, la depresi\u00f3n contin\u00faa siendo estigmatizada y subdiagnosticada. Morales Rivero se\u00f1al\u00f3 que tanto los pacientes como los profesionales de la salud mental, incluidos psiquiatras y psic\u00f3logos, enfrentan prejuicios que dificultan el acceso oportuno a tratamiento. Adem\u00e1s, la pandemia de COVID-19 agrav\u00f3 la prevalencia del trastorno, especialmente entre adultos j\u00f3venes y personas mayores de 65 a\u00f1os.<\/p>\n<p style=\"text-align: justify;\">Ante este panorama, el especialista hizo un llamado a reforzar la detecci\u00f3n temprana, normalizar el cuidado de la salud mental y fomentar la b\u00fasqueda de ayuda profesional.<\/p>\n<p style=\"text-align: justify;\">\u201cLa depresi\u00f3n tiene diagn\u00f3stico, tratamiento y pron\u00f3stico. Bien manejada, la mayor\u00eda de los pacientes mejora\u201d, concluy\u00f3.<\/p>\n","protected":false},"excerpt":{"rendered":"<p>La mayor\u00eda no recibe tratamiento. M\u00e9xico.- Con motivo del D\u00eda Mundial de la Lucha contra la Depresi\u00f3n, que se conmemora cada 13 de enero, el psiquiatra Alonso Morales Rivero, del Centro M\u00e9dico ABC, advirti\u00f3 que m\u00e1s de 3.6 millones de mexicanos padecen depresi\u00f3n, aunque m\u00e1s de la mitad de los casos no son diagnosticados ni tratados adecuadamente. El especialista se\u00f1al\u00f3 que m\u00e1s del 50% de las personas con depresi\u00f3n no recibe atenci\u00f3n, y que algunos estudios estiman que hasta el 70% no cuenta con un tratamiento adecuado, lo que incrementa el riesgo de que la enfermedad se cronifique y afecte [&hellip;]<\/p>\n","protected":false},"author":2,"featured_media":190314,"comment_status":"closed","ping_status":"closed","sticky":false,"template":"","format":"standard","meta":{"_monsterinsights_skip_tracking":false,"_monsterinsights_sitenote_active":false,"_monsterinsights_sitenote_note":"","_monsterinsights_sitenote_category":0,"footnotes":""},"categories":[46],"tags":[],"class_list":["post-190313","post","type-post","status-publish","format-standard","has-post-thumbnail","hentry","category-nacional","post--single"],"_links":{"self":[{"href":"https:\/\/canal7slp.tv\/2026\/wp-json\/wp\/v2\/posts\/190313","targetHints":{"allow":["GET"]}}],"collection":[{"href":"https:\/\/canal7slp.tv\/2026\/wp-json\/wp\/v2\/posts"}],"about":[{"href":"https:\/\/canal7slp.tv\/2026\/wp-json\/wp\/v2\/types\/post"}],"author":[{"embeddable":true,"href":"https:\/\/canal7slp.tv\/2026\/wp-json\/wp\/v2\/users\/2"}],"replies":[{"embeddable":true,"href":"https:\/\/canal7slp.tv\/2026\/wp-json\/wp\/v2\/comments?post=190313"}],"version-history":[{"count":1,"href":"https:\/\/canal7slp.tv\/2026\/wp-json\/wp\/v2\/posts\/190313\/revisions"}],"predecessor-version":[{"id":190315,"href":"https:\/\/canal7slp.tv\/2026\/wp-json\/wp\/v2\/posts\/190313\/revisions\/190315"}],"wp:featuredmedia":[{"embeddable":true,"href":"https:\/\/canal7slp.tv\/2026\/wp-json\/wp\/v2\/media\/190314"}],"wp:attachment":[{"href":"https:\/\/canal7slp.tv\/2026\/wp-json\/wp\/v2\/media?parent=190313"}],"wp:term":[{"taxonomy":"category","embeddable":true,"href":"https:\/\/canal7slp.tv\/2026\/wp-json\/wp\/v2\/categories?post=190313"},{"taxonomy":"post_tag","embeddable":true,"href":"https:\/\/canal7slp.tv\/2026\/wp-json\/wp\/v2\/tags?post=190313"}],"curies":[{"name":"wp","href":"https:\/\/api.w.org\/{rel}","templated":true}]}}