{"id":190207,"date":"2026-01-12T23:00:58","date_gmt":"2026-01-13T05:00:58","guid":{"rendered":"https:\/\/canal7slp.tv\/2026\/?p=190207"},"modified":"2026-01-12T22:29:15","modified_gmt":"2026-01-13T04:29:15","slug":"noticias-del-mundo-12-enero-2026","status":"publish","type":"post","link":"https:\/\/canal7slp.tv\/2026\/noticias-del-mundo-12-enero-2026\/","title":{"rendered":"Noticias del Mundo 12\/Enero\/2026"},"content":{"rendered":"<p style=\"text-align: justify;\">El Papa Le\u00f3n XIV recibi\u00f3 en El Vaticano a la l\u00edder de la oposici\u00f3n en Venezuela, Mar\u00eda Corina Machado a quien se le otorg\u00f3 el Premio Nobel de la Paz, la Oficina de Prensa de la Santa Sede confirm\u00f3 la reuni\u00f3n pero como es costumbre mantendr\u00e1n la confidencialidad del contenido de la conversaci\u00f3n.<\/p>\n<p style=\"text-align: justify;\">El jefe de la Iglesia cat\u00f3lica, llam\u00f3 a respetar la voluntad del pueblo venezolano y a buscar soluciones pac\u00edficas sin tintes pol\u00edticos.<\/p>\n<p style=\"text-align: justify;\"><!--more--><\/p>\n<p style=\"text-align: justify;\">Alrededor de 15 mil enfermeras del Hospital Mount Sinai, New York-Presbyterian y el Centro M\u00e9dico Montefiore de Nueva York se declararon en huelga despu\u00e9s de no llegar a acuerdos en solicitudes como los niveles de personal y la seguridad en el lugar de trabajo, adem\u00e1s que el sindicato se\u00f1al\u00f3 que los hospitales exigen cargas de trabajo inasumibles.<\/p>\n<p style=\"text-align: justify;\">La Asociaci\u00f3n de Enfermeras del Estado de Nueva York report\u00f3 nulos avances en sus disputas contractuales, por lo que temen que el sistema de salud entre hospitales que no participen en la huelga podr\u00eda colapsar, como aconteci\u00f3 en el a\u00f1o 2023 cuando se tuvo por igual un paro de labores.<\/p>\n<p style=\"text-align: justify;\"><!--more--><\/p>\n<p style=\"text-align: justify;\">\u00a0En Italia, una mujer recibi\u00f3 tratamientos de quimioterapia durante m\u00e1s de cuatro a\u00f1os sin que los necesitara, esto debido a un mal diagnostico de un c\u00e1ncer que nunca tuvo, los an\u00e1lisis fueron realizados por un hospital universitario el cual deber\u00e1 pagar una considerable indemnizaci\u00f3n.<\/p>\n<p style=\"text-align: justify;\">La Corte de Apelaci\u00f3n de Florencia resolvi\u00f3 aumentar la compensaci\u00f3n econ\u00f3mica a favor de la paciente que en el a\u00f1o de 2006, recibi\u00f3 estudios incorrectos; la indemnizaci\u00f3n fijada asciende a 470 mil euros, la cantidad equivale a poco m\u00e1s de 10 millones de pesos mexicanos.<\/p>\n<p><!--more--><\/p>\n<p style=\"text-align: justify;\">Incendios forestales que han acontecido en el sureste de Australia han arrasado m\u00e1s de 350 mil hect\u00e1reas de matorrales en el estado de Victoria, destruyendo m\u00e1s de 300 casas y edificios.<\/p>\n<p style=\"text-align: justify;\">Un hallazgo trascendente fue el de los restos humanos, que aun no son identificados y que fueron encontrados cerca de la ciudad de Longwood al norte de Melbourne. Al momento 30 incendios forestales se encuentran activos y las autoridades afirmaron que los siniestros son los peores desde el Verano Negro de 2019-2020 donde perdieron la vida 33 personas.<\/p>\n<p style=\"text-align: justify;\"><!--more--><\/p>\n<p style=\"text-align: justify;\">Cinco cabezas humanas fueron encontradas colgadas y exhibidas p\u00fablicamente en una playa tur\u00edstica de Ecuador, el hecho fue atribuidos a grupos criminales, pues estaban acompa\u00f1adas de un mensaje de advertencia.<\/p>\n<p style=\"text-align: justify;\">Puerto L\u00f3pez es una localidad costera de la provincia de Manab\u00ed conocida por el avistamiento de ballenas y la actividad pesquera que se ven afectadas en el aspecto econ\u00f3mico por estos hechos; al momento, no se ha informado sobre personas detenidas, ni se han localizado los cuerpos completos de las v\u00edctimas.<\/p>\n","protected":false},"excerpt":{"rendered":"<p>El Papa Le\u00f3n XIV recibi\u00f3 en El Vaticano a la l\u00edder de la oposici\u00f3n en Venezuela, Mar\u00eda Corina Machado a quien se le otorg\u00f3 el Premio Nobel de la Paz, la Oficina de Prensa de la Santa Sede confirm\u00f3 la reuni\u00f3n pero como es costumbre mantendr\u00e1n la confidencialidad del contenido de la conversaci\u00f3n. El jefe de la Iglesia cat\u00f3lica, llam\u00f3 a respetar la voluntad del pueblo venezolano y a buscar soluciones pac\u00edficas sin tintes pol\u00edticos.<\/p>\n","protected":false},"author":2,"featured_media":190294,"comment_status":"closed","ping_status":"closed","sticky":false,"template":"","format":"video","meta":{"_monsterinsights_skip_tracking":false,"_monsterinsights_sitenote_active":false,"_monsterinsights_sitenote_note":"","_monsterinsights_sitenote_category":0,"footnotes":""},"categories":[5,44],"tags":[],"class_list":["post-190207","post","type-post","status-publish","format-video","has-post-thumbnail","hentry","category-destacadas","category-internacional","post_format-post-format-video","post--single"],"_links":{"self":[{"href":"https:\/\/canal7slp.tv\/2026\/wp-json\/wp\/v2\/posts\/190207","targetHints":{"allow":["GET"]}}],"collection":[{"href":"https:\/\/canal7slp.tv\/2026\/wp-json\/wp\/v2\/posts"}],"about":[{"href":"https:\/\/canal7slp.tv\/2026\/wp-json\/wp\/v2\/types\/post"}],"author":[{"embeddable":true,"href":"https:\/\/canal7slp.tv\/2026\/wp-json\/wp\/v2\/users\/2"}],"replies":[{"embeddable":true,"href":"https:\/\/canal7slp.tv\/2026\/wp-json\/wp\/v2\/comments?post=190207"}],"version-history":[{"count":2,"href":"https:\/\/canal7slp.tv\/2026\/wp-json\/wp\/v2\/posts\/190207\/revisions"}],"predecessor-version":[{"id":190281,"href":"https:\/\/canal7slp.tv\/2026\/wp-json\/wp\/v2\/posts\/190207\/revisions\/190281"}],"wp:featuredmedia":[{"embeddable":true,"href":"https:\/\/canal7slp.tv\/2026\/wp-json\/wp\/v2\/media\/190294"}],"wp:attachment":[{"href":"https:\/\/canal7slp.tv\/2026\/wp-json\/wp\/v2\/media?parent=190207"}],"wp:term":[{"taxonomy":"category","embeddable":true,"href":"https:\/\/canal7slp.tv\/2026\/wp-json\/wp\/v2\/categories?post=190207"},{"taxonomy":"post_tag","embeddable":true,"href":"https:\/\/canal7slp.tv\/2026\/wp-json\/wp\/v2\/tags?post=190207"}],"curies":[{"name":"wp","href":"https:\/\/api.w.org\/{rel}","templated":true}]}}