{"id":190155,"date":"2026-01-11T23:15:01","date_gmt":"2026-01-12T05:15:01","guid":{"rendered":"https:\/\/canal7slp.tv\/2026\/?p=190155"},"modified":"2026-01-11T23:15:01","modified_gmt":"2026-01-12T05:15:01","slug":"arzobispo-considero-que-incremento-en-costo-de-transporte-publico-debe-de-analizarse","status":"publish","type":"post","link":"https:\/\/canal7slp.tv\/2026\/arzobispo-considero-que-incremento-en-costo-de-transporte-publico-debe-de-analizarse\/","title":{"rendered":"Arzobispo consider\u00f3 que incremento en costo de transporte p\u00fablico debe de analizarse"},"content":{"rendered":"<p style=\"text-align: justify;\">SLP.- El Arzobispo de San Luis Potos\u00ed, Jorge Alberto Cavazos Arizpe, consider\u00f3 que un alza en el costo de la tarifa del transporte p\u00fablico en su modalidad de cami\u00f3n no puede aplicarse sin sopesar la econom\u00eda del usuario.<\/p>\n<p style=\"text-align: justify;\">\u201cEso debe analizarse y tomar como un acuerdo, un dialogo (\u2026) se requiere tener un acuerdo considerando el ingreso de todas las personas, sobre todo los que son frecuentemente usuarios del transporte p\u00fablico\u201d.<\/p>\n<p style=\"text-align: justify;\">A su vez, se tiene que tomar en cuenta la necesidad de los due\u00f1os de concesiones.<\/p>\n<p style=\"text-align: justify;\">\u201cY se requiere tener las consideraciones de los que se dedican a este ramo, de los transportistas, porque ellos necesitan cubrir sus necesidades de salarios, de mantenimiento de unidades, etc\u00e9tera\u201d.<\/p>\n<p style=\"text-align: justify;\">Hay ciudadanos que usan en mayor medida el transporte p\u00fablico y es a ellos quien debe de tenerse presentes.<\/p>\n<p style=\"text-align: justify;\">\u201cHabr\u00e1 personas que tal vez por diferentes situaciones de traslado tenga que tomar dos unidades (\u2026) y otras dos en otra y pues ya se fue una parte importante de ingreso\u201d.<\/p>\n<p style=\"text-align: justify;\">Cuestionado en si se requiere mejorar las unidades o el servicio de los operadores, el Arzobispo respondi\u00f3 con el se\u00f1alamiento de que todas las personas podemos ser m\u00e1s competentes en nuestra labor d\u00eda tras d\u00eda.<\/p>\n<p style=\"text-align: justify;\">\u201cTodas las personas tenemos que tener oportunidades de mejorar, de crecer y as\u00ed las diversas instancias de servicio (\u2026) todos debemos siempre ofrecer algo mejor vaya, que nos pueda ayudar y que exprese la dignidad de quien estamos queriendo servir\u201d.<\/p>\n<p>Por: Juan Carlos Contreras<\/p>\n","protected":false},"excerpt":{"rendered":"<p>SLP.- El Arzobispo de San Luis Potos\u00ed, Jorge Alberto Cavazos Arizpe, consider\u00f3 que un alza en el costo de la tarifa del transporte p\u00fablico en su modalidad de cami\u00f3n no puede aplicarse sin sopesar la econom\u00eda del usuario. \u201cEso debe analizarse y tomar como un acuerdo, un dialogo (\u2026) se requiere tener un acuerdo considerando el ingreso de todas las personas, sobre todo los que son frecuentemente usuarios del transporte p\u00fablico\u201d. A su vez, se tiene que tomar en cuenta la necesidad de los due\u00f1os de concesiones. \u201cY se requiere tener las consideraciones de los que se dedican a este [&hellip;]<\/p>\n","protected":false},"author":2,"featured_media":190162,"comment_status":"closed","ping_status":"closed","sticky":false,"template":"","format":"video","meta":{"_monsterinsights_skip_tracking":false,"_monsterinsights_sitenote_active":false,"_monsterinsights_sitenote_note":"","_monsterinsights_sitenote_category":0,"footnotes":""},"categories":[5,45],"tags":[],"class_list":["post-190155","post","type-post","status-publish","format-video","has-post-thumbnail","hentry","category-destacadas","category-localesyregionales","post_format-post-format-video","post--single"],"_links":{"self":[{"href":"https:\/\/canal7slp.tv\/2026\/wp-json\/wp\/v2\/posts\/190155","targetHints":{"allow":["GET"]}}],"collection":[{"href":"https:\/\/canal7slp.tv\/2026\/wp-json\/wp\/v2\/posts"}],"about":[{"href":"https:\/\/canal7slp.tv\/2026\/wp-json\/wp\/v2\/types\/post"}],"author":[{"embeddable":true,"href":"https:\/\/canal7slp.tv\/2026\/wp-json\/wp\/v2\/users\/2"}],"replies":[{"embeddable":true,"href":"https:\/\/canal7slp.tv\/2026\/wp-json\/wp\/v2\/comments?post=190155"}],"version-history":[{"count":2,"href":"https:\/\/canal7slp.tv\/2026\/wp-json\/wp\/v2\/posts\/190155\/revisions"}],"predecessor-version":[{"id":190163,"href":"https:\/\/canal7slp.tv\/2026\/wp-json\/wp\/v2\/posts\/190155\/revisions\/190163"}],"wp:featuredmedia":[{"embeddable":true,"href":"https:\/\/canal7slp.tv\/2026\/wp-json\/wp\/v2\/media\/190162"}],"wp:attachment":[{"href":"https:\/\/canal7slp.tv\/2026\/wp-json\/wp\/v2\/media?parent=190155"}],"wp:term":[{"taxonomy":"category","embeddable":true,"href":"https:\/\/canal7slp.tv\/2026\/wp-json\/wp\/v2\/categories?post=190155"},{"taxonomy":"post_tag","embeddable":true,"href":"https:\/\/canal7slp.tv\/2026\/wp-json\/wp\/v2\/tags?post=190155"}],"curies":[{"name":"wp","href":"https:\/\/api.w.org\/{rel}","templated":true}]}}