{"id":190132,"date":"2026-01-11T11:26:18","date_gmt":"2026-01-11T17:26:18","guid":{"rendered":"https:\/\/canal7slp.tv\/2026\/?p=190132"},"modified":"2026-01-11T11:26:18","modified_gmt":"2026-01-11T17:26:18","slug":"el-papa-condena-la-violencia-y-pide-paz-en-iran-y-siria","status":"publish","type":"post","link":"https:\/\/canal7slp.tv\/2026\/el-papa-condena-la-violencia-y-pide-paz-en-iran-y-siria\/","title":{"rendered":"El Papa condena la violencia y pide paz en Ir\u00e1n y Siria"},"content":{"rendered":"<p style=\"text-align: justify;\">El Vaticano.- El Papa Le\u00f3n XIV hizo un llamado este domingo a \u00abcultivar con paciencia el di\u00e1logo y la paz\u00bb en Ir\u00e1n y Siria, destacando que las tensiones en estas naciones han llevado a la muerte de muchas personas, especialmente en el contexto de las recientes protestas contra el r\u00e9gimen iran\u00ed.<\/p>\n<p style=\"text-align: justify;\">Durante su mensaje desde la ventana del Palacio Apost\u00f3lico, tras el rezo del \u00c1ngelus, el Pont\u00edfice expres\u00f3 su preocupaci\u00f3n por los acontecimientos en Oriente Medio y enfatiz\u00f3 la importancia de buscar el bien com\u00fan para toda la sociedad.<\/p>\n<p style=\"text-align: justify;\">Las protestas en Ir\u00e1n, que comenzaron el 28 de diciembre, han sido impulsadas por una crisis econ\u00f3mica caracterizada por la ca\u00edda del valor del rial y la alta inflaci\u00f3n. Con el tiempo, las manifestaciones han evolucionado hacia cr\u00edticas pol\u00edticas al r\u00e9gimen de los ayatol\u00e1s.<\/p>\n<p style=\"text-align: justify;\">Diversas ONG han reportado que la represi\u00f3n de estas protestas ha resultado en \u00abcientos\u00bb de muertes, mientras que el acceso a Internet en el pa\u00eds sigue restringido. Las manifestaciones contin\u00faan, reflejando el descontento ciudadano contra el Gobierno.<\/p>\n","protected":false},"excerpt":{"rendered":"<p>El Vaticano.- El Papa Le\u00f3n XIV hizo un llamado este domingo a \u00abcultivar con paciencia el di\u00e1logo y la paz\u00bb en Ir\u00e1n y Siria, destacando que las tensiones en estas naciones han llevado a la muerte de muchas personas, especialmente en el contexto de las recientes protestas contra el r\u00e9gimen iran\u00ed. Durante su mensaje desde la ventana del Palacio Apost\u00f3lico, tras el rezo del \u00c1ngelus, el Pont\u00edfice expres\u00f3 su preocupaci\u00f3n por los acontecimientos en Oriente Medio y enfatiz\u00f3 la importancia de buscar el bien com\u00fan para toda la sociedad. Las protestas en Ir\u00e1n, que comenzaron el 28 de diciembre, han [&hellip;]<\/p>\n","protected":false},"author":2,"featured_media":190133,"comment_status":"closed","ping_status":"closed","sticky":false,"template":"","format":"standard","meta":{"_monsterinsights_skip_tracking":false,"_monsterinsights_sitenote_active":false,"_monsterinsights_sitenote_note":"","_monsterinsights_sitenote_category":0,"footnotes":""},"categories":[44],"tags":[],"class_list":["post-190132","post","type-post","status-publish","format-standard","has-post-thumbnail","hentry","category-internacional","post--single"],"_links":{"self":[{"href":"https:\/\/canal7slp.tv\/2026\/wp-json\/wp\/v2\/posts\/190132","targetHints":{"allow":["GET"]}}],"collection":[{"href":"https:\/\/canal7slp.tv\/2026\/wp-json\/wp\/v2\/posts"}],"about":[{"href":"https:\/\/canal7slp.tv\/2026\/wp-json\/wp\/v2\/types\/post"}],"author":[{"embeddable":true,"href":"https:\/\/canal7slp.tv\/2026\/wp-json\/wp\/v2\/users\/2"}],"replies":[{"embeddable":true,"href":"https:\/\/canal7slp.tv\/2026\/wp-json\/wp\/v2\/comments?post=190132"}],"version-history":[{"count":2,"href":"https:\/\/canal7slp.tv\/2026\/wp-json\/wp\/v2\/posts\/190132\/revisions"}],"predecessor-version":[{"id":190135,"href":"https:\/\/canal7slp.tv\/2026\/wp-json\/wp\/v2\/posts\/190132\/revisions\/190135"}],"wp:featuredmedia":[{"embeddable":true,"href":"https:\/\/canal7slp.tv\/2026\/wp-json\/wp\/v2\/media\/190133"}],"wp:attachment":[{"href":"https:\/\/canal7slp.tv\/2026\/wp-json\/wp\/v2\/media?parent=190132"}],"wp:term":[{"taxonomy":"category","embeddable":true,"href":"https:\/\/canal7slp.tv\/2026\/wp-json\/wp\/v2\/categories?post=190132"},{"taxonomy":"post_tag","embeddable":true,"href":"https:\/\/canal7slp.tv\/2026\/wp-json\/wp\/v2\/tags?post=190132"}],"curies":[{"name":"wp","href":"https:\/\/api.w.org\/{rel}","templated":true}]}}