{"id":190111,"date":"2026-01-10T16:25:24","date_gmt":"2026-01-10T22:25:24","guid":{"rendered":"https:\/\/canal7slp.tv\/2026\/?p=190111"},"modified":"2026-01-10T16:25:24","modified_gmt":"2026-01-10T22:25:24","slug":"ortega-libera-decenas-de-presos-politicos-en-el-19-aniversario-de-su-gobierno","status":"publish","type":"post","link":"https:\/\/canal7slp.tv\/2026\/ortega-libera-decenas-de-presos-politicos-en-el-19-aniversario-de-su-gobierno\/","title":{"rendered":"Ortega libera \u201cdecenas\u201d de presos pol\u00edticos en el 19\u00b0 Aniversario de su Gobierno"},"content":{"rendered":"<p style=\"text-align: justify;\">\n<p style=\"text-align: justify;\">Managua.- El gobierno de Nicaragua, liderado por Daniel Ortega y Rosario Murillo, anunci\u00f3 este s\u00e1bado la liberaci\u00f3n de \u201cdecenas de personas\u201d detenidas, incluidos varios presos pol\u00edticos, en el marco de la conmemoraci\u00f3n del 19\u00b0 aniversario del Ejecutivo en el poder, inform\u00f3 el propio Gobierno en un comunicado oficial.<\/p>\n<p style=\"text-align: justify;\">En el comunicado difundido por medios oficiales se se\u00f1al\u00f3 que, con motivo de esta conmemoraci\u00f3n, \u201chan retornado a sus hogares y familias decenas de personas que permanec\u00edan en resguardo de las autoridades pertinentes\u201d, en lo que fue descrito como un gesto para reafirmar \u201cel compromiso con la paz y la convivencia familiar y comunitaria\u201d.<\/p>\n<p style=\"text-align: justify;\">El Gobierno no detall\u00f3 el n\u00famero total de liberados ni sus nombres. Sin embargo, la agencia EFE pudo confirmar con familiares la excarcelaci\u00f3n de al menos siete opositores, entre ellos Jessica Palacios, Mauricio Alonso, Mario Rodr\u00edguez Serrano, Pedro L\u00f3pez, Mar\u00eda Jos\u00e9 Rojas, \u00d3scar Vel\u00e1squez y el pastor evang\u00e9lico Rudy Palacios.<\/p>\n<p style=\"text-align: justify;\">Medios locales han citado distintas estimaciones sobre el total de liberados: el medio Divergentes inform\u00f3 de al menos 30 presos pol\u00edticos excarcelados, mientras que otros grupos ofrecen cifras menores y distintas organizaciones mantienen un registro propio.<\/p>\n<p style=\"text-align: justify;\">La medida se produce en medio de presiones de Estados Unidos, que d\u00edas antes, a trav\u00e9s de su embajada en Managua, record\u00f3 que pa\u00edses como Venezuela han efectuado liberaciones de presos pol\u00edticos y se\u00f1al\u00f3 que en Nicaragua a\u00fan hay \u201cm\u00e1s de 60 personas injustamente detenidas o desaparecidas\u201d.<\/p>\n<p style=\"text-align: justify;\">Organizaciones de derechos humanos han llamado a que estas liberaciones sean plenas y libres, sin condiciones ni amenazas, y han vinculado este anuncio con presiones internacionales y con din\u00e1micas similares en la regi\u00f3n centroamericana y latinoamericana.<\/p>\n<p style=\"text-align: justify;\">La oposici\u00f3n nicarag\u00fcense salud\u00f3 las excarcelaciones como un logro frente a la represi\u00f3n, pero tambi\u00e9n advirti\u00f3 que la lucha por la democratizaci\u00f3n del pa\u00eds contin\u00faa, ya que decenas de personas siguen detenidas por motivos pol\u00edticos.<\/p>\n<p style=\"text-align: justify;\">\n","protected":false},"excerpt":{"rendered":"<p>Managua.- El gobierno de Nicaragua, liderado por Daniel Ortega y Rosario Murillo, anunci\u00f3 este s\u00e1bado la liberaci\u00f3n de \u201cdecenas de personas\u201d detenidas, incluidos varios presos pol\u00edticos, en el marco de la conmemoraci\u00f3n del 19\u00b0 aniversario del Ejecutivo en el poder, inform\u00f3 el propio Gobierno en un comunicado oficial. En el comunicado difundido por medios oficiales se se\u00f1al\u00f3 que, con motivo de esta conmemoraci\u00f3n, \u201chan retornado a sus hogares y familias decenas de personas que permanec\u00edan en resguardo de las autoridades pertinentes\u201d, en lo que fue descrito como un gesto para reafirmar \u201cel compromiso con la paz y la convivencia familiar [&hellip;]<\/p>\n","protected":false},"author":2,"featured_media":190112,"comment_status":"closed","ping_status":"closed","sticky":false,"template":"","format":"standard","meta":{"_monsterinsights_skip_tracking":false,"_monsterinsights_sitenote_active":false,"_monsterinsights_sitenote_note":"","_monsterinsights_sitenote_category":0,"footnotes":""},"categories":[44],"tags":[],"class_list":["post-190111","post","type-post","status-publish","format-standard","has-post-thumbnail","hentry","category-internacional","post--single"],"_links":{"self":[{"href":"https:\/\/canal7slp.tv\/2026\/wp-json\/wp\/v2\/posts\/190111","targetHints":{"allow":["GET"]}}],"collection":[{"href":"https:\/\/canal7slp.tv\/2026\/wp-json\/wp\/v2\/posts"}],"about":[{"href":"https:\/\/canal7slp.tv\/2026\/wp-json\/wp\/v2\/types\/post"}],"author":[{"embeddable":true,"href":"https:\/\/canal7slp.tv\/2026\/wp-json\/wp\/v2\/users\/2"}],"replies":[{"embeddable":true,"href":"https:\/\/canal7slp.tv\/2026\/wp-json\/wp\/v2\/comments?post=190111"}],"version-history":[{"count":1,"href":"https:\/\/canal7slp.tv\/2026\/wp-json\/wp\/v2\/posts\/190111\/revisions"}],"predecessor-version":[{"id":190113,"href":"https:\/\/canal7slp.tv\/2026\/wp-json\/wp\/v2\/posts\/190111\/revisions\/190113"}],"wp:featuredmedia":[{"embeddable":true,"href":"https:\/\/canal7slp.tv\/2026\/wp-json\/wp\/v2\/media\/190112"}],"wp:attachment":[{"href":"https:\/\/canal7slp.tv\/2026\/wp-json\/wp\/v2\/media?parent=190111"}],"wp:term":[{"taxonomy":"category","embeddable":true,"href":"https:\/\/canal7slp.tv\/2026\/wp-json\/wp\/v2\/categories?post=190111"},{"taxonomy":"post_tag","embeddable":true,"href":"https:\/\/canal7slp.tv\/2026\/wp-json\/wp\/v2\/tags?post=190111"}],"curies":[{"name":"wp","href":"https:\/\/api.w.org\/{rel}","templated":true}]}}