{"id":190105,"date":"2026-01-10T16:04:42","date_gmt":"2026-01-10T22:04:42","guid":{"rendered":"https:\/\/canal7slp.tv\/2026\/?p=190105"},"modified":"2026-01-10T16:04:42","modified_gmt":"2026-01-10T22:04:42","slug":"trump-ofrece-ayuda-a-iran-en-medio-de-protestas","status":"publish","type":"post","link":"https:\/\/canal7slp.tv\/2026\/trump-ofrece-ayuda-a-iran-en-medio-de-protestas\/","title":{"rendered":"Trump ofrece ayuda a Ir\u00e1n en medio de protestas"},"content":{"rendered":"<p style=\"text-align: justify;\">EEUU.- El presidente de Estados Unidos, Donald Trump, expres\u00f3 este s\u00e1bado 10 de enero de 2026 su disposici\u00f3n a ofrecer la \u201cayuda\u201d de su Gobierno para la \u201clibertad\u201d de Ir\u00e1n, en el contexto de las protestas que desde hace dos semanas sacuden al pa\u00eds persa y que han dejado al menos 51 personas muertas, seg\u00fan organizaciones de derechos humanos.<\/p>\n<p style=\"text-align: justify;\">A trav\u00e9s de su red social Truth Social, Trump escribi\u00f3: \u201cIr\u00e1n est\u00e1 mirando a la libertad, tal vez como nunca antes. \u00a1Estados Unidos est\u00e1 listo para ayudar!\u201d. El mensaje se produce en medio de manifestaciones originadas por la crisis econ\u00f3mica, que se han extendido a decenas de ciudades y han puesto en entredicho la autoridad del l\u00edder supremo, el ayatol\u00e1 Ali Jamene\u00ed.<\/p>\n<p style=\"text-align: justify;\">El respaldo de Trump se suma al de Ursula von der Leyen, presidenta de la Comisi\u00f3n Europea, quien manifest\u00f3 su apoyo a los \u201chombres y mujeres iran\u00edes que reclaman la libertad\u201d. En la misma l\u00ednea, el secretario de Estado de Estados Unidos, Marco Rubio, afirm\u00f3 en redes sociales que su pa\u00eds \u201capoya al valiente pueblo de Ir\u00e1n\u201d.<\/p>\n<p style=\"text-align: justify;\">Aunque Trump no precis\u00f3 qu\u00e9 tipo de acciones podr\u00eda emprender su Gobierno, en declaraciones previas ha advertido sobre una posible intervenci\u00f3n ante la violencia ejercida contra los manifestantes. De acuerdo con la organizaci\u00f3n Iran Human Rights (IHRNGO), con sede en Oslo, al menos 51 personas han muerto desde el inicio de las protestas el 28 de diciembre.<\/p>\n<p style=\"text-align: justify;\">En respuesta, el Ej\u00e9rcito de Ir\u00e1n asegur\u00f3 que enfrentar\u00e1 cualquier \u201ccomplot\u201d auspiciado por Estados Unidos para generar inestabilidad y alterar la seguridad de la Rep\u00fablica Isl\u00e1mica. Mientras tanto, las telecomunicaciones contin\u00faan interrumpidas en el pa\u00eds, al cumplirse el d\u00eda 14 de las manifestaciones.<\/p>\n","protected":false},"excerpt":{"rendered":"<p>EEUU.- El presidente de Estados Unidos, Donald Trump, expres\u00f3 este s\u00e1bado 10 de enero de 2026 su disposici\u00f3n a ofrecer la \u201cayuda\u201d de su Gobierno para la \u201clibertad\u201d de Ir\u00e1n, en el contexto de las protestas que desde hace dos semanas sacuden al pa\u00eds persa y que han dejado al menos 51 personas muertas, seg\u00fan organizaciones de derechos humanos. A trav\u00e9s de su red social Truth Social, Trump escribi\u00f3: \u201cIr\u00e1n est\u00e1 mirando a la libertad, tal vez como nunca antes. \u00a1Estados Unidos est\u00e1 listo para ayudar!\u201d. El mensaje se produce en medio de manifestaciones originadas por la crisis econ\u00f3mica, que [&hellip;]<\/p>\n","protected":false},"author":2,"featured_media":190106,"comment_status":"closed","ping_status":"closed","sticky":false,"template":"","format":"standard","meta":{"_monsterinsights_skip_tracking":false,"_monsterinsights_sitenote_active":false,"_monsterinsights_sitenote_note":"","_monsterinsights_sitenote_category":0,"footnotes":""},"categories":[44],"tags":[],"class_list":["post-190105","post","type-post","status-publish","format-standard","has-post-thumbnail","hentry","category-internacional","post--single"],"_links":{"self":[{"href":"https:\/\/canal7slp.tv\/2026\/wp-json\/wp\/v2\/posts\/190105","targetHints":{"allow":["GET"]}}],"collection":[{"href":"https:\/\/canal7slp.tv\/2026\/wp-json\/wp\/v2\/posts"}],"about":[{"href":"https:\/\/canal7slp.tv\/2026\/wp-json\/wp\/v2\/types\/post"}],"author":[{"embeddable":true,"href":"https:\/\/canal7slp.tv\/2026\/wp-json\/wp\/v2\/users\/2"}],"replies":[{"embeddable":true,"href":"https:\/\/canal7slp.tv\/2026\/wp-json\/wp\/v2\/comments?post=190105"}],"version-history":[{"count":1,"href":"https:\/\/canal7slp.tv\/2026\/wp-json\/wp\/v2\/posts\/190105\/revisions"}],"predecessor-version":[{"id":190107,"href":"https:\/\/canal7slp.tv\/2026\/wp-json\/wp\/v2\/posts\/190105\/revisions\/190107"}],"wp:featuredmedia":[{"embeddable":true,"href":"https:\/\/canal7slp.tv\/2026\/wp-json\/wp\/v2\/media\/190106"}],"wp:attachment":[{"href":"https:\/\/canal7slp.tv\/2026\/wp-json\/wp\/v2\/media?parent=190105"}],"wp:term":[{"taxonomy":"category","embeddable":true,"href":"https:\/\/canal7slp.tv\/2026\/wp-json\/wp\/v2\/categories?post=190105"},{"taxonomy":"post_tag","embeddable":true,"href":"https:\/\/canal7slp.tv\/2026\/wp-json\/wp\/v2\/tags?post=190105"}],"curies":[{"name":"wp","href":"https:\/\/api.w.org\/{rel}","templated":true}]}}