{"id":190049,"date":"2026-01-09T19:36:02","date_gmt":"2026-01-10T01:36:02","guid":{"rendered":"https:\/\/canal7slp.tv\/2026\/?p=190049"},"modified":"2026-01-09T19:36:02","modified_gmt":"2026-01-10T01:36:02","slug":"gobierno-y-municipio-capitalino-acuerdan-proyectos-de-obra-publica","status":"publish","type":"post","link":"https:\/\/canal7slp.tv\/2026\/gobierno-y-municipio-capitalino-acuerdan-proyectos-de-obra-publica\/","title":{"rendered":"Gobierno y municipio capitalino acuerdan proyectos de obra p\u00fablica"},"content":{"rendered":"<p style=\"text-align: justify;\"><span style=\"font-size: 1.21429rem;\">SLP.- La constantes fallas del acueducto El Realito fue uno de los temas centrales que se abordaron en la reuni\u00f3n entre el alcalde Enrique Galindo y el gobernador Ricardo Gallardo el pasado 7 de enero.<\/span><\/p>\n<p style=\"text-align: justify;\">As\u00ed lo coment\u00f3 el propio alcalde capitalino al decir que las constantes fallas de este sistema h\u00eddrico han afectado a miles de familias potosinas.<\/p>\n<p style=\"text-align: justify;\">Reiter\u00f3 que El Realito es una problem\u00e1tica recurrente al recordar que apenas este 6 de Enero dej\u00f3 de operar nuevamente y que por sus constantes fallas, durante el 2025 acumul\u00f3 cuatro meses sin abastecer agua.<\/p>\n<p style=\"text-align: justify;\">Asimismo, Galindo Ceballos coment\u00f3 que otro tema que se abord\u00f3 en su reuni\u00f3n con el mandatario estatal fue lo relativo a obra p\u00fablica y que dijo, de manera coordinada gobierno-municipio se llevar\u00e1n a cabo en este a\u00f1o.<\/p>\n<p>Por: Claudio Ibarra<\/p>\n","protected":false},"excerpt":{"rendered":"<p>SLP.- La constantes fallas del acueducto El Realito fue uno de los temas centrales que se abordaron en la reuni\u00f3n entre el alcalde Enrique Galindo y el gobernador Ricardo Gallardo el pasado 7 de enero. As\u00ed lo coment\u00f3 el propio alcalde capitalino al decir que las constantes fallas de este sistema h\u00eddrico han afectado a miles de familias potosinas. Reiter\u00f3 que El Realito es una problem\u00e1tica recurrente al recordar que apenas este 6 de Enero dej\u00f3 de operar nuevamente y que por sus constantes fallas, durante el 2025 acumul\u00f3 cuatro meses sin abastecer agua. Asimismo, Galindo Ceballos coment\u00f3 que otro [&hellip;]<\/p>\n","protected":false},"author":2,"featured_media":190073,"comment_status":"closed","ping_status":"closed","sticky":false,"template":"","format":"video","meta":{"_monsterinsights_skip_tracking":false,"_monsterinsights_sitenote_active":false,"_monsterinsights_sitenote_note":"","_monsterinsights_sitenote_category":0,"footnotes":""},"categories":[66,5,510,45],"tags":[],"class_list":["post-190049","post","type-post","status-publish","format-video","has-post-thumbnail","hentry","category-ayoslp","category-destacadas","category-gobedoslp","category-localesyregionales","post_format-post-format-video","post--single"],"_links":{"self":[{"href":"https:\/\/canal7slp.tv\/2026\/wp-json\/wp\/v2\/posts\/190049","targetHints":{"allow":["GET"]}}],"collection":[{"href":"https:\/\/canal7slp.tv\/2026\/wp-json\/wp\/v2\/posts"}],"about":[{"href":"https:\/\/canal7slp.tv\/2026\/wp-json\/wp\/v2\/types\/post"}],"author":[{"embeddable":true,"href":"https:\/\/canal7slp.tv\/2026\/wp-json\/wp\/v2\/users\/2"}],"replies":[{"embeddable":true,"href":"https:\/\/canal7slp.tv\/2026\/wp-json\/wp\/v2\/comments?post=190049"}],"version-history":[{"count":2,"href":"https:\/\/canal7slp.tv\/2026\/wp-json\/wp\/v2\/posts\/190049\/revisions"}],"predecessor-version":[{"id":190074,"href":"https:\/\/canal7slp.tv\/2026\/wp-json\/wp\/v2\/posts\/190049\/revisions\/190074"}],"wp:featuredmedia":[{"embeddable":true,"href":"https:\/\/canal7slp.tv\/2026\/wp-json\/wp\/v2\/media\/190073"}],"wp:attachment":[{"href":"https:\/\/canal7slp.tv\/2026\/wp-json\/wp\/v2\/media?parent=190049"}],"wp:term":[{"taxonomy":"category","embeddable":true,"href":"https:\/\/canal7slp.tv\/2026\/wp-json\/wp\/v2\/categories?post=190049"},{"taxonomy":"post_tag","embeddable":true,"href":"https:\/\/canal7slp.tv\/2026\/wp-json\/wp\/v2\/tags?post=190049"}],"curies":[{"name":"wp","href":"https:\/\/api.w.org\/{rel}","templated":true}]}}