{"id":190046,"date":"2026-01-09T19:19:44","date_gmt":"2026-01-10T01:19:44","guid":{"rendered":"https:\/\/canal7slp.tv\/2026\/?p=190046"},"modified":"2026-01-09T19:19:44","modified_gmt":"2026-01-10T01:19:44","slug":"el-proximo-lunes-presentara-el-alcalde-enrique-galindo-propuesta-de-nuevo-director-para-el-interapas","status":"publish","type":"post","link":"https:\/\/canal7slp.tv\/2026\/el-proximo-lunes-presentara-el-alcalde-enrique-galindo-propuesta-de-nuevo-director-para-el-interapas\/","title":{"rendered":"El pr\u00f3ximo lunes presentar\u00e1 el alcalde Enrique Galindo propuesta de nuevo director para el Interapas"},"content":{"rendered":"<p style=\"text-align: justify;\"><span style=\"font-size: 1.21429rem;\">SLP.- Ser\u00e1 hasta el lunes cuando en sesi\u00f3n de la Junta de Gobierno se presente la propuesta para el nuevo director del INTERAPAS inform\u00f3 el presidente municipal, Enrique Galindo Ceballos.<\/span><\/p>\n<p style=\"text-align: justify;\">En este contexto, asegur\u00f3 que el organismo del agua potable<br \/>\nest\u00e1 operando de manera normal luego de que su \u00faltimo titular Jorge Daniel Hern\u00e1ndez, presentara su renuncia por motivos de salud.<\/p>\n<p style=\"text-align: justify;\">Coment\u00f3 que el perfil para ocupar el puesto deber\u00e1 ser altamente t\u00e9cnico al se\u00f1alar que su principal punto cr\u00edtico no es en lo hidr\u00e1ulico \u00f3 de ingenier\u00eda, sino en el tema financiero.<\/p>\n<p style=\"text-align: justify;\">Asimismo, el alcalde capitalino coment\u00f3 que en esta reuni\u00f3n de la Junta de Gobierno del INTERAPAS se analizar\u00e1 tambi\u00e9n lo relativo a la separaci\u00f3n de este organismo, por parte del municipio de Soledad de Graciano S\u00e1nchez.<\/p>\n<p>Por: Claudio Ibarra<\/p>\n","protected":false},"excerpt":{"rendered":"<p>SLP.- Ser\u00e1 hasta el lunes cuando en sesi\u00f3n de la Junta de Gobierno se presente la propuesta para el nuevo director del INTERAPAS inform\u00f3 el presidente municipal, Enrique Galindo Ceballos. En este contexto, asegur\u00f3 que el organismo del agua potable est\u00e1 operando de manera normal luego de que su \u00faltimo titular Jorge Daniel Hern\u00e1ndez, presentara su renuncia por motivos de salud. Coment\u00f3 que el perfil para ocupar el puesto deber\u00e1 ser altamente t\u00e9cnico al se\u00f1alar que su principal punto cr\u00edtico no es en lo hidr\u00e1ulico \u00f3 de ingenier\u00eda, sino en el tema financiero. Asimismo, el alcalde capitalino coment\u00f3 que en [&hellip;]<\/p>\n","protected":false},"author":2,"featured_media":190063,"comment_status":"closed","ping_status":"closed","sticky":false,"template":"","format":"video","meta":{"_monsterinsights_skip_tracking":false,"_monsterinsights_sitenote_active":false,"_monsterinsights_sitenote_note":"","_monsterinsights_sitenote_category":0,"footnotes":""},"categories":[66,5,45],"tags":[],"class_list":["post-190046","post","type-post","status-publish","format-video","has-post-thumbnail","hentry","category-ayoslp","category-destacadas","category-localesyregionales","post_format-post-format-video","post--single"],"_links":{"self":[{"href":"https:\/\/canal7slp.tv\/2026\/wp-json\/wp\/v2\/posts\/190046","targetHints":{"allow":["GET"]}}],"collection":[{"href":"https:\/\/canal7slp.tv\/2026\/wp-json\/wp\/v2\/posts"}],"about":[{"href":"https:\/\/canal7slp.tv\/2026\/wp-json\/wp\/v2\/types\/post"}],"author":[{"embeddable":true,"href":"https:\/\/canal7slp.tv\/2026\/wp-json\/wp\/v2\/users\/2"}],"replies":[{"embeddable":true,"href":"https:\/\/canal7slp.tv\/2026\/wp-json\/wp\/v2\/comments?post=190046"}],"version-history":[{"count":2,"href":"https:\/\/canal7slp.tv\/2026\/wp-json\/wp\/v2\/posts\/190046\/revisions"}],"predecessor-version":[{"id":190064,"href":"https:\/\/canal7slp.tv\/2026\/wp-json\/wp\/v2\/posts\/190046\/revisions\/190064"}],"wp:featuredmedia":[{"embeddable":true,"href":"https:\/\/canal7slp.tv\/2026\/wp-json\/wp\/v2\/media\/190063"}],"wp:attachment":[{"href":"https:\/\/canal7slp.tv\/2026\/wp-json\/wp\/v2\/media?parent=190046"}],"wp:term":[{"taxonomy":"category","embeddable":true,"href":"https:\/\/canal7slp.tv\/2026\/wp-json\/wp\/v2\/categories?post=190046"},{"taxonomy":"post_tag","embeddable":true,"href":"https:\/\/canal7slp.tv\/2026\/wp-json\/wp\/v2\/tags?post=190046"}],"curies":[{"name":"wp","href":"https:\/\/api.w.org\/{rel}","templated":true}]}}