{"id":189963,"date":"2026-01-08T18:22:32","date_gmt":"2026-01-09T00:22:32","guid":{"rendered":"https:\/\/canal7slp.tv\/2026\/?p=189963"},"modified":"2026-01-08T18:22:32","modified_gmt":"2026-01-09T00:22:32","slug":"pide-la-coparmex-rehabilitacion-integral-de-calles-y-avenidas-de-la-zona-industrial","status":"publish","type":"post","link":"https:\/\/canal7slp.tv\/2026\/pide-la-coparmex-rehabilitacion-integral-de-calles-y-avenidas-de-la-zona-industrial\/","title":{"rendered":"Pide la Coparmex rehabilitaci\u00f3n integral de calles y avenidas de la Zona Industrial"},"content":{"rendered":"<p style=\"text-align: justify;\"><span style=\"font-size: 1.21429rem;\">SLP.- Al t\u00e9rmino del arranque de rehabilitaci\u00f3n de las laterales de la carretera 57 el presidente local de COPARMEX, Luis Gerardo Ortu\u00f1o, se pronunci\u00f3 porque las autoridades se avoquen tambi\u00e9n a una rehabilitaci\u00f3n integral de las calles y avenidas de la Zona Industrial y que dijo, tienen a\u00f1os en el abandono.<\/span><\/p>\n<p style=\"text-align: justify;\">En este contexto se\u00f1al\u00f3 la importancia de que exista una coordinaci\u00f3n entre dependencias de los tres niveles de gobierno, y ahora con el nuevo municipio de Pozos, al decir tambi\u00e9n que urge que se instalen colectores pluviales.<\/p>\n<p style=\"text-align: justify;\">El empresario se\u00f1al\u00f3 que las consecuencias de que calles y avenidas de la Zona Industrial est\u00e9n en mal estado son p\u00e9rdidas econ\u00f3micas a las empresas adem\u00e1s de que afectan las cadenas de suministro.<\/p>\n<p style=\"text-align: justify;\">Aunado a ello, dijo tambi\u00e9n que otra consecuencia es el da\u00f1o mec\u00e1nico a los cientos de camiones y autos que diariamente circulan por esta zona.<\/p>\n<p>Por: Claudio Ibarra<\/p>\n","protected":false},"excerpt":{"rendered":"<p>SLP.- Al t\u00e9rmino del arranque de rehabilitaci\u00f3n de las laterales de la carretera 57 el presidente local de COPARMEX, Luis Gerardo Ortu\u00f1o, se pronunci\u00f3 porque las autoridades se avoquen tambi\u00e9n a una rehabilitaci\u00f3n integral de las calles y avenidas de la Zona Industrial y que dijo, tienen a\u00f1os en el abandono. En este contexto se\u00f1al\u00f3 la importancia de que exista una coordinaci\u00f3n entre dependencias de los tres niveles de gobierno, y ahora con el nuevo municipio de Pozos, al decir tambi\u00e9n que urge que se instalen colectores pluviales. El empresario se\u00f1al\u00f3 que las consecuencias de que calles y avenidas de [&hellip;]<\/p>\n","protected":false},"author":2,"featured_media":189978,"comment_status":"closed","ping_status":"closed","sticky":false,"template":"","format":"video","meta":{"_monsterinsights_skip_tracking":false,"_monsterinsights_sitenote_active":false,"_monsterinsights_sitenote_note":"","_monsterinsights_sitenote_category":0,"footnotes":""},"categories":[5,45],"tags":[],"class_list":["post-189963","post","type-post","status-publish","format-video","has-post-thumbnail","hentry","category-destacadas","category-localesyregionales","post_format-post-format-video","post--single"],"_links":{"self":[{"href":"https:\/\/canal7slp.tv\/2026\/wp-json\/wp\/v2\/posts\/189963","targetHints":{"allow":["GET"]}}],"collection":[{"href":"https:\/\/canal7slp.tv\/2026\/wp-json\/wp\/v2\/posts"}],"about":[{"href":"https:\/\/canal7slp.tv\/2026\/wp-json\/wp\/v2\/types\/post"}],"author":[{"embeddable":true,"href":"https:\/\/canal7slp.tv\/2026\/wp-json\/wp\/v2\/users\/2"}],"replies":[{"embeddable":true,"href":"https:\/\/canal7slp.tv\/2026\/wp-json\/wp\/v2\/comments?post=189963"}],"version-history":[{"count":2,"href":"https:\/\/canal7slp.tv\/2026\/wp-json\/wp\/v2\/posts\/189963\/revisions"}],"predecessor-version":[{"id":189979,"href":"https:\/\/canal7slp.tv\/2026\/wp-json\/wp\/v2\/posts\/189963\/revisions\/189979"}],"wp:featuredmedia":[{"embeddable":true,"href":"https:\/\/canal7slp.tv\/2026\/wp-json\/wp\/v2\/media\/189978"}],"wp:attachment":[{"href":"https:\/\/canal7slp.tv\/2026\/wp-json\/wp\/v2\/media?parent=189963"}],"wp:term":[{"taxonomy":"category","embeddable":true,"href":"https:\/\/canal7slp.tv\/2026\/wp-json\/wp\/v2\/categories?post=189963"},{"taxonomy":"post_tag","embeddable":true,"href":"https:\/\/canal7slp.tv\/2026\/wp-json\/wp\/v2\/tags?post=189963"}],"curies":[{"name":"wp","href":"https:\/\/api.w.org\/{rel}","templated":true}]}}