{"id":189962,"date":"2026-01-08T17:51:06","date_gmt":"2026-01-08T23:51:06","guid":{"rendered":"https:\/\/canal7slp.tv\/2026\/?p=189962"},"modified":"2026-01-08T17:51:06","modified_gmt":"2026-01-08T23:51:06","slug":"rector-de-la-uaslp-destaca-el-papel-de-las-mujeres-en-la-comunidad-universitaria","status":"publish","type":"post","link":"https:\/\/canal7slp.tv\/2026\/rector-de-la-uaslp-destaca-el-papel-de-las-mujeres-en-la-comunidad-universitaria\/","title":{"rendered":"Rector de la UASLP destaca el papel de las mujeres en la comunidad universitaria"},"content":{"rendered":"<p style=\"text-align: justify;\"><span style=\"font-size: 1.21429rem;\">SLP.- La elecci\u00f3n de Georgina Gonz\u00e1lez C\u00e1zares como la primera directora de la Facultad de Derecho es un hecho relevante para la vida universitaria, manifest\u00f3 el rector de la Universidad Aut\u00f3noma de San Luis Potos\u00ed, Alejandro Zerme\u00f1o Guerra al mostrar su benepl\u00e1cito por esta designaci\u00f3n.<\/span><\/p>\n<p style=\"text-align: justify;\">Al comentar que este proceso permiti\u00f3 encauzar nuevamente a la Facultad de Derecho por el rumbo correcto el rector afirm\u00f3 que ello se debi\u00f3 a la voluntad de la comunidad universitaria, de que las cosas llegaran a buen puerto.<\/p>\n<p style=\"text-align: justify;\">Reiter\u00f3 que el hecho de que la Facultad de Derecho por primera vez en su historia tenga a una mujer como directora, es una prueba de que en la Universidad se destaca su rol en la vida universitaria, y se valora su capacidad.<\/p>\n<p>Por: Claudio Ibarra<\/p>\n","protected":false},"excerpt":{"rendered":"<p>SLP.- La elecci\u00f3n de Georgina Gonz\u00e1lez C\u00e1zares como la primera directora de la Facultad de Derecho es un hecho relevante para la vida universitaria, manifest\u00f3 el rector de la Universidad Aut\u00f3noma de San Luis Potos\u00ed, Alejandro Zerme\u00f1o Guerra al mostrar su benepl\u00e1cito por esta designaci\u00f3n. Al comentar que este proceso permiti\u00f3 encauzar nuevamente a la Facultad de Derecho por el rumbo correcto el rector afirm\u00f3 que ello se debi\u00f3 a la voluntad de la comunidad universitaria, de que las cosas llegaran a buen puerto. Reiter\u00f3 que el hecho de que la Facultad de Derecho por primera vez en su historia [&hellip;]<\/p>\n","protected":false},"author":2,"featured_media":189975,"comment_status":"closed","ping_status":"closed","sticky":false,"template":"","format":"video","meta":{"_monsterinsights_skip_tracking":false,"_monsterinsights_sitenote_active":false,"_monsterinsights_sitenote_note":"","_monsterinsights_sitenote_category":0,"footnotes":""},"categories":[5,45],"tags":[],"class_list":["post-189962","post","type-post","status-publish","format-video","has-post-thumbnail","hentry","category-destacadas","category-localesyregionales","post_format-post-format-video","post--single"],"_links":{"self":[{"href":"https:\/\/canal7slp.tv\/2026\/wp-json\/wp\/v2\/posts\/189962","targetHints":{"allow":["GET"]}}],"collection":[{"href":"https:\/\/canal7slp.tv\/2026\/wp-json\/wp\/v2\/posts"}],"about":[{"href":"https:\/\/canal7slp.tv\/2026\/wp-json\/wp\/v2\/types\/post"}],"author":[{"embeddable":true,"href":"https:\/\/canal7slp.tv\/2026\/wp-json\/wp\/v2\/users\/2"}],"replies":[{"embeddable":true,"href":"https:\/\/canal7slp.tv\/2026\/wp-json\/wp\/v2\/comments?post=189962"}],"version-history":[{"count":2,"href":"https:\/\/canal7slp.tv\/2026\/wp-json\/wp\/v2\/posts\/189962\/revisions"}],"predecessor-version":[{"id":189976,"href":"https:\/\/canal7slp.tv\/2026\/wp-json\/wp\/v2\/posts\/189962\/revisions\/189976"}],"wp:featuredmedia":[{"embeddable":true,"href":"https:\/\/canal7slp.tv\/2026\/wp-json\/wp\/v2\/media\/189975"}],"wp:attachment":[{"href":"https:\/\/canal7slp.tv\/2026\/wp-json\/wp\/v2\/media?parent=189962"}],"wp:term":[{"taxonomy":"category","embeddable":true,"href":"https:\/\/canal7slp.tv\/2026\/wp-json\/wp\/v2\/categories?post=189962"},{"taxonomy":"post_tag","embeddable":true,"href":"https:\/\/canal7slp.tv\/2026\/wp-json\/wp\/v2\/tags?post=189962"}],"curies":[{"name":"wp","href":"https:\/\/api.w.org\/{rel}","templated":true}]}}