{"id":189961,"date":"2026-01-08T17:35:27","date_gmt":"2026-01-08T23:35:27","guid":{"rendered":"https:\/\/canal7slp.tv\/2026\/?p=189961"},"modified":"2026-01-08T17:35:27","modified_gmt":"2026-01-08T23:35:27","slug":"dirigente-local-de-coparmex-prevee-un-ano-dificil-en-materia-de-crecimiento-economico","status":"publish","type":"post","link":"https:\/\/canal7slp.tv\/2026\/dirigente-local-de-coparmex-prevee-un-ano-dificil-en-materia-de-crecimiento-economico\/","title":{"rendered":"Dirigente local de Coparmex prevee un a\u00f1o dif\u00edcil en materia de crecimiento econ\u00f3mico"},"content":{"rendered":"<p style=\"text-align: justify;\"><span style=\"font-size: 1.21429rem;\">SLP.- Para el presidente de COPARMEX en San Luis Potos\u00ed Luis Gerardo Ortu\u00f1o en materia de crecimiento econ\u00f3mico se prevee un 2026 dif\u00edcil, durante el primer semestre de este a\u00f1o que inicia.<\/span><\/p>\n<p style=\"text-align: justify;\">Asimismo, el l\u00edder empresarial estim\u00f3 que uno de los grandes retos ser\u00e1 frenar el crecimiento del comercio informal y fortalecer el empleo formal en una tarea que dijo, el gobierno juega un papel importante.<\/p>\n<p style=\"text-align: justify;\">El presidente local de COPARMEX coment\u00f3 que 2025 fue un a\u00f1o en donde hubo paros t\u00e9cnicos, sobre todo en empresas del sector automotriz, mientras que en otras solo hubo empleos temporales.<\/p>\n<p style=\"text-align: justify;\">Al reiterar que hubo tambi\u00e9n un n\u00famero importante de p\u00e9rdidas de registros patronales ante el IMSS dijo tambi\u00e9n que durante este periodo, en San Luis Potos\u00ed se registr\u00f3 una importante p\u00e9rdida de miles de empleos.<\/p>\n<p>Por: Claudio Ibarra<\/p>\n","protected":false},"excerpt":{"rendered":"<p>SLP.- Para el presidente de COPARMEX en San Luis Potos\u00ed Luis Gerardo Ortu\u00f1o en materia de crecimiento econ\u00f3mico se prevee un 2026 dif\u00edcil, durante el primer semestre de este a\u00f1o que inicia. Asimismo, el l\u00edder empresarial estim\u00f3 que uno de los grandes retos ser\u00e1 frenar el crecimiento del comercio informal y fortalecer el empleo formal en una tarea que dijo, el gobierno juega un papel importante. El presidente local de COPARMEX coment\u00f3 que 2025 fue un a\u00f1o en donde hubo paros t\u00e9cnicos, sobre todo en empresas del sector automotriz, mientras que en otras solo hubo empleos temporales. Al reiterar que [&hellip;]<\/p>\n","protected":false},"author":2,"featured_media":189972,"comment_status":"closed","ping_status":"closed","sticky":false,"template":"","format":"video","meta":{"_monsterinsights_skip_tracking":false,"_monsterinsights_sitenote_active":false,"_monsterinsights_sitenote_note":"","_monsterinsights_sitenote_category":0,"footnotes":""},"categories":[5,45],"tags":[],"class_list":["post-189961","post","type-post","status-publish","format-video","has-post-thumbnail","hentry","category-destacadas","category-localesyregionales","post_format-post-format-video","post--single"],"_links":{"self":[{"href":"https:\/\/canal7slp.tv\/2026\/wp-json\/wp\/v2\/posts\/189961","targetHints":{"allow":["GET"]}}],"collection":[{"href":"https:\/\/canal7slp.tv\/2026\/wp-json\/wp\/v2\/posts"}],"about":[{"href":"https:\/\/canal7slp.tv\/2026\/wp-json\/wp\/v2\/types\/post"}],"author":[{"embeddable":true,"href":"https:\/\/canal7slp.tv\/2026\/wp-json\/wp\/v2\/users\/2"}],"replies":[{"embeddable":true,"href":"https:\/\/canal7slp.tv\/2026\/wp-json\/wp\/v2\/comments?post=189961"}],"version-history":[{"count":2,"href":"https:\/\/canal7slp.tv\/2026\/wp-json\/wp\/v2\/posts\/189961\/revisions"}],"predecessor-version":[{"id":189973,"href":"https:\/\/canal7slp.tv\/2026\/wp-json\/wp\/v2\/posts\/189961\/revisions\/189973"}],"wp:featuredmedia":[{"embeddable":true,"href":"https:\/\/canal7slp.tv\/2026\/wp-json\/wp\/v2\/media\/189972"}],"wp:attachment":[{"href":"https:\/\/canal7slp.tv\/2026\/wp-json\/wp\/v2\/media?parent=189961"}],"wp:term":[{"taxonomy":"category","embeddable":true,"href":"https:\/\/canal7slp.tv\/2026\/wp-json\/wp\/v2\/categories?post=189961"},{"taxonomy":"post_tag","embeddable":true,"href":"https:\/\/canal7slp.tv\/2026\/wp-json\/wp\/v2\/tags?post=189961"}],"curies":[{"name":"wp","href":"https:\/\/api.w.org\/{rel}","templated":true}]}}