{"id":189936,"date":"2026-01-08T16:17:55","date_gmt":"2026-01-08T22:17:55","guid":{"rendered":"https:\/\/canal7slp.tv\/2026\/?p=189936"},"modified":"2026-01-08T16:17:55","modified_gmt":"2026-01-08T22:17:55","slug":"arranca-reconstruccion-de-laterales-de-la-carretera-57-con-una-inversion-de-250-mdp","status":"publish","type":"post","link":"https:\/\/canal7slp.tv\/2026\/arranca-reconstruccion-de-laterales-de-la-carretera-57-con-una-inversion-de-250-mdp\/","title":{"rendered":"Arranca reconstrucci\u00f3n de laterales de la Carretera 57 con una inversi\u00f3n de 250 mdp"},"content":{"rendered":"<p style=\"text-align: justify;\"><span style=\"font-size: 1.21429rem;\">SLP.- Debido a las constantes quejas de la ciudadan\u00eda por el deterioro del pavimento y la presencia de mega baches, autoridades iniciaron la reconstrucci\u00f3n de las laterales de la Carretera 57.<\/span><\/p>\n<p style=\"text-align: justify;\">La obra en cuesti\u00f3n est\u00e1 cargo de la Secretar\u00eda de Desarrollo Urbano, Vivienda y Obras P\u00fablicas.<\/p>\n<p style=\"text-align: justify;\">\u201cLa verdad es que estamos muy contentos como siempre es un gusto estar arrancando obras de este tipo y m\u00e1s porque como comentaba nuestro gobernador, se echaban la pelotita que s\u00ed era municipal o s\u00ed era Federal\u00bb, dijo la titular, Leticia Vargas Tinajero.<\/p>\n<p style=\"text-align: justify;\">La intervenci\u00f3n corresponde a los tramos utilizados para el traslado cotidiano hacia la zona industrial.<\/p>\n<p style=\"text-align: justify;\">\u201cEs por eso que el d\u00eda de hoy damos este arranque que ser\u00e1 muy importante para toda la ciudadan\u00eda ya que es el eje o la vialidad principal por el que miles de potosinos van a su lugar de trabajo que es hacia la zona industrial y de regreso a sus casas\u00bb, agreg\u00f3.<\/p>\n<p style=\"text-align: justify;\">Se contempla la rehabilitaci\u00f3n de la carpeta asf\u00e1ltica con un dise\u00f1o que soportar\u00e1 el tr\u00e1nsito de unidades de carga.<\/p>\n<p style=\"text-align: justify;\">\u201cEsta rehabilitaci\u00f3n constar\u00e1 del tramo que viene siendo del circuito Potos\u00ed a la entrada a pozos o la salida que es el eje 128, y se estar\u00e1 rehabilitando la carpeta asf\u00e1ltica pero darle otra estructura&#8230;Que pueda con la carga del tr\u00e1fico vehicular pesado que transita por aqu\u00ed, todo est\u00e1 perfectamente calculado, se hicieron estudios y todo\u00bb, asegur\u00f3.<\/p>\n<p style=\"text-align: justify;\">Vargas Tinajero, habl\u00f3 sobre la inversi\u00f3n estimada, la longitud de los tramos a intervenir y el plazo de ejecuci\u00f3n previsto y sujeto a ajustes operativos.<\/p>\n<p style=\"text-align: justify;\">\u201cLa inversi\u00f3n ronda alrededor de los 250 millones&#8230; Entre ida y vuelta son aproximadamente 12 km&#8230; Te comento si estamos todav\u00eda medio adecuando los tiempos de trabajo pero, esperamos que en algunos cuatro o cinco meses\u00bb, termin\u00f3.<\/p>\n<p>Por: Jos\u00e9 Luis V\u00e1zquez<\/p>\n","protected":false},"excerpt":{"rendered":"<p>SLP.- Debido a las constantes quejas de la ciudadan\u00eda por el deterioro del pavimento y la presencia de mega baches, autoridades iniciaron la reconstrucci\u00f3n de las laterales de la Carretera 57. La obra en cuesti\u00f3n est\u00e1 cargo de la Secretar\u00eda de Desarrollo Urbano, Vivienda y Obras P\u00fablicas. \u201cLa verdad es que estamos muy contentos como siempre es un gusto estar arrancando obras de este tipo y m\u00e1s porque como comentaba nuestro gobernador, se echaban la pelotita que s\u00ed era municipal o s\u00ed era Federal\u00bb, dijo la titular, Leticia Vargas Tinajero. La intervenci\u00f3n corresponde a los tramos utilizados para el traslado [&hellip;]<\/p>\n","protected":false},"author":2,"featured_media":189942,"comment_status":"closed","ping_status":"closed","sticky":false,"template":"","format":"video","meta":{"_monsterinsights_skip_tracking":false,"_monsterinsights_sitenote_active":false,"_monsterinsights_sitenote_note":"","_monsterinsights_sitenote_category":0,"footnotes":""},"categories":[5,45],"tags":[],"class_list":["post-189936","post","type-post","status-publish","format-video","has-post-thumbnail","hentry","category-destacadas","category-localesyregionales","post_format-post-format-video","post--single"],"_links":{"self":[{"href":"https:\/\/canal7slp.tv\/2026\/wp-json\/wp\/v2\/posts\/189936","targetHints":{"allow":["GET"]}}],"collection":[{"href":"https:\/\/canal7slp.tv\/2026\/wp-json\/wp\/v2\/posts"}],"about":[{"href":"https:\/\/canal7slp.tv\/2026\/wp-json\/wp\/v2\/types\/post"}],"author":[{"embeddable":true,"href":"https:\/\/canal7slp.tv\/2026\/wp-json\/wp\/v2\/users\/2"}],"replies":[{"embeddable":true,"href":"https:\/\/canal7slp.tv\/2026\/wp-json\/wp\/v2\/comments?post=189936"}],"version-history":[{"count":2,"href":"https:\/\/canal7slp.tv\/2026\/wp-json\/wp\/v2\/posts\/189936\/revisions"}],"predecessor-version":[{"id":189943,"href":"https:\/\/canal7slp.tv\/2026\/wp-json\/wp\/v2\/posts\/189936\/revisions\/189943"}],"wp:featuredmedia":[{"embeddable":true,"href":"https:\/\/canal7slp.tv\/2026\/wp-json\/wp\/v2\/media\/189942"}],"wp:attachment":[{"href":"https:\/\/canal7slp.tv\/2026\/wp-json\/wp\/v2\/media?parent=189936"}],"wp:term":[{"taxonomy":"category","embeddable":true,"href":"https:\/\/canal7slp.tv\/2026\/wp-json\/wp\/v2\/categories?post=189936"},{"taxonomy":"post_tag","embeddable":true,"href":"https:\/\/canal7slp.tv\/2026\/wp-json\/wp\/v2\/tags?post=189936"}],"curies":[{"name":"wp","href":"https:\/\/api.w.org\/{rel}","templated":true}]}}