{"id":189935,"date":"2026-01-08T16:24:17","date_gmt":"2026-01-08T22:24:17","guid":{"rendered":"https:\/\/canal7slp.tv\/2026\/?p=189935"},"modified":"2026-01-08T16:24:17","modified_gmt":"2026-01-08T22:24:17","slug":"rehabilitacion-de-laterales-de-la-57-se-realizara-mayormente-por-las-noches-gobernador","status":"publish","type":"post","link":"https:\/\/canal7slp.tv\/2026\/rehabilitacion-de-laterales-de-la-57-se-realizara-mayormente-por-las-noches-gobernador\/","title":{"rendered":"Rehabilitaci\u00f3n de laterales de la 57 se realizar\u00e1 mayormente por las noches: Gobernador"},"content":{"rendered":"<p style=\"text-align: justify;\"><span style=\"font-size: 1.21429rem;\">SLP.- La reconstrucci\u00f3n de las laterales de la carretera 57 arranc\u00f3 con una estrategia operativa enfocada en reducir afectaciones a la movilidad, al concentrar la mayor parte de los trabajos durante la noche.<\/span><\/p>\n<p style=\"text-align: justify;\">El proyecto busca atender el deterioro acumulado de la vialidad y mejorar la circulaci\u00f3n en uno de los accesos m\u00e1s utilizados hacia la zona industrial.<\/p>\n<p style=\"text-align: justify;\">\u201cLa verdad es que estamos muy contentos de arrancar el a\u00f1o haciendo much\u00edsimas obras&#8230; Ustedes vean c\u00f3mo est\u00e1n las laterales, las hemos visto madread\u00edsimas y la gente durante ya mucho tiempo las ha estado pidiendo\u00bb, dijo el gobernador Ricardo Gallardo Cardona.<\/p>\n<p style=\"text-align: justify;\">El esquema de trabajo contempla coordinaci\u00f3n institucional para intervenir estas vialidades sin cierres prolongados en el d\u00eda, privilegiando la operaci\u00f3n nocturna como medida para no afectar a la ciudadan\u00eda.<\/p>\n<p style=\"text-align: justify;\">\u201cAgradecer al ayuntamiento que nos permite poder trabajar en estas v\u00edas, agradecer a la sct que nos permita trabajar para los potosinos\u00bb, coment\u00f3.<\/p>\n<p style=\"text-align: justify;\">Prosigui\u00f3: \u201cVamos a trabajar gran parte de noche, va a hacer una obra que el 80% se va a operar de noche, ya arreglamos para que podamos pr\u00e1cticamente cerrar las noches y que no afecte tanto en el d\u00eda la vialidad, sobre todo en las horas picos que no se las vamos a cerrar\u00bb.<\/p>\n<p style=\"text-align: justify;\">La obra contempla la rehabilitaci\u00f3n de m\u00e1s de 10 kil\u00f3metros de laterales en ambos sentidos con el objetivo de recuperar su funcionalidad y permitir una mejor distribuci\u00f3n del tr\u00e1nsito.<\/p>\n<p style=\"text-align: justify;\">\u201cYo creo que hoy San Luis va a estar muy contento al poder rehabilitar m\u00e1s de 12 km, soy de ida y seis de avenida, que van a quedar totalmente nuevos y van a poder ayudar a que nuevamente se vuelva a generar bastante flujo vehicular en estos laterales\u00bb, agreg\u00f3.<\/p>\n<p style=\"text-align: justify;\">Aunque autoridades estatales se\u00f1alaron que los trabajos nocturnos permitir\u00e1n cerrar carriles durante la noche y mantenerlos abiertos durante el d\u00eda, se anticipan afectaciones temporales que requerir\u00e1n paciencia por parte de los conductores de la zona.<\/p>\n<p style=\"text-align: justify;\">\u00abPedirles un poquito de paciencia a la gente porque esto s\u00ed va a causar cierto tr\u00e1fico, ciertas molestias por algunos conductores de la zona, pero pedirles que es por el bien de San Luis Potos\u00ed, si no otros 30 a\u00f1os que se van a quedar as\u00ed olvidadas\u00bb, advirti\u00f3.<\/p>\n<p>Por: Jos\u00e9 Luis V\u00e1zquez<\/p>\n","protected":false},"excerpt":{"rendered":"<p>SLP.- La reconstrucci\u00f3n de las laterales de la carretera 57 arranc\u00f3 con una estrategia operativa enfocada en reducir afectaciones a la movilidad, al concentrar la mayor parte de los trabajos durante la noche. El proyecto busca atender el deterioro acumulado de la vialidad y mejorar la circulaci\u00f3n en uno de los accesos m\u00e1s utilizados hacia la zona industrial. \u201cLa verdad es que estamos muy contentos de arrancar el a\u00f1o haciendo much\u00edsimas obras&#8230; Ustedes vean c\u00f3mo est\u00e1n las laterales, las hemos visto madread\u00edsimas y la gente durante ya mucho tiempo las ha estado pidiendo\u00bb, dijo el gobernador Ricardo Gallardo Cardona. El [&hellip;]<\/p>\n","protected":false},"author":2,"featured_media":189945,"comment_status":"closed","ping_status":"closed","sticky":false,"template":"","format":"video","meta":{"_monsterinsights_skip_tracking":false,"_monsterinsights_sitenote_active":false,"_monsterinsights_sitenote_note":"","_monsterinsights_sitenote_category":0,"footnotes":""},"categories":[5,510,45],"tags":[],"class_list":["post-189935","post","type-post","status-publish","format-video","has-post-thumbnail","hentry","category-destacadas","category-gobedoslp","category-localesyregionales","post_format-post-format-video","post--single"],"_links":{"self":[{"href":"https:\/\/canal7slp.tv\/2026\/wp-json\/wp\/v2\/posts\/189935","targetHints":{"allow":["GET"]}}],"collection":[{"href":"https:\/\/canal7slp.tv\/2026\/wp-json\/wp\/v2\/posts"}],"about":[{"href":"https:\/\/canal7slp.tv\/2026\/wp-json\/wp\/v2\/types\/post"}],"author":[{"embeddable":true,"href":"https:\/\/canal7slp.tv\/2026\/wp-json\/wp\/v2\/users\/2"}],"replies":[{"embeddable":true,"href":"https:\/\/canal7slp.tv\/2026\/wp-json\/wp\/v2\/comments?post=189935"}],"version-history":[{"count":2,"href":"https:\/\/canal7slp.tv\/2026\/wp-json\/wp\/v2\/posts\/189935\/revisions"}],"predecessor-version":[{"id":189946,"href":"https:\/\/canal7slp.tv\/2026\/wp-json\/wp\/v2\/posts\/189935\/revisions\/189946"}],"wp:featuredmedia":[{"embeddable":true,"href":"https:\/\/canal7slp.tv\/2026\/wp-json\/wp\/v2\/media\/189945"}],"wp:attachment":[{"href":"https:\/\/canal7slp.tv\/2026\/wp-json\/wp\/v2\/media?parent=189935"}],"wp:term":[{"taxonomy":"category","embeddable":true,"href":"https:\/\/canal7slp.tv\/2026\/wp-json\/wp\/v2\/categories?post=189935"},{"taxonomy":"post_tag","embeddable":true,"href":"https:\/\/canal7slp.tv\/2026\/wp-json\/wp\/v2\/tags?post=189935"}],"curies":[{"name":"wp","href":"https:\/\/api.w.org\/{rel}","templated":true}]}}