{"id":189909,"date":"2026-01-08T14:29:22","date_gmt":"2026-01-08T20:29:22","guid":{"rendered":"https:\/\/canal7slp.tv\/2026\/?p=189909"},"modified":"2026-01-08T18:29:22","modified_gmt":"2026-01-09T00:29:22","slug":"macron-afirma-que-eua-se-esta-alejando-de-sus-aliados","status":"publish","type":"post","link":"https:\/\/canal7slp.tv\/2026\/macron-afirma-que-eua-se-esta-alejando-de-sus-aliados\/","title":{"rendered":"Macron afirma que EUA se est\u00e1 alejando de sus aliados"},"content":{"rendered":"<ul>\n<li style=\"text-align: justify;\">Se\u00f1al\u00f3 que grandes potencias buscan dividirse el mundo entre ellas.<\/li>\n<\/ul>\n<p style=\"text-align: justify;\">Par\u00eds.- El presidente de Francia, Emmanuel Macron, afirm\u00f3 que Estados Unidos est\u00e1 \u00abalej\u00e1ndose gradualmente\u00bb de sus aliados y desatendiendo las normas internacionales, durante su discurso anual ante embajadores en Par\u00eds.<\/p>\n<p style=\"text-align: justify;\">Macron destac\u00f3 que las grandes potencias, como EUA, Rusia y China, parecen estar en una \u00abtentaci\u00f3n\u00bb de dividir el mundo entre ellas, lo que refleja una disminuci\u00f3n en la eficacia de las instituciones multilaterales.<\/p>\n<p style=\"text-align: justify;\">En su intervenci\u00f3n, el mandatario mencion\u00f3 la creciente \u00abagresi\u00f3n neocolonial\u00bb en la diplomacia global y se refiri\u00f3 a la reciente operaci\u00f3n militar de EUA en Venezuela, as\u00ed como a las ambiciones de Donald Trump sobre Groenlandia.<\/p>\n<p style=\"text-align: justify;\">Tambi\u00e9n hizo hincapi\u00e9 en la guerra en Ucrania y las tensiones en torno a Taiw\u00e1n, describiendo la situaci\u00f3n actual como una \u00abley del m\u00e1s fuerte\u00bb.<\/p>\n<p style=\"text-align: justify;\">Macron inst\u00f3 a no resignarse a que Francia o la Uni\u00f3n Europea se conviertan en potencias meramente \u00abmorales\u00bb en un contexto de creciente agresividad internacional.<\/p>\n<p style=\"text-align: justify;\">Abog\u00f3 por un fortalecimiento militar y una defensa robusta de las normativas tecnol\u00f3gicas europeas, como la Ley de Servicios Digitales y la Ley de Mercados Digitales, ante las cr\u00edticas de EUA.<\/p>\n<p style=\"text-align: justify;\">Adem\u00e1s, solicit\u00f3 la implementaci\u00f3n de una agenda comercial europea m\u00e1s din\u00e1mica y la simplificaci\u00f3n del mercado \u00fanico, subrayando la necesidad de garantizar que los productos que ingresan a Europa cumplan con las normativas comunitarias.<\/p>\n<p style=\"text-align: justify;\">Aunque no mencion\u00f3 directamente el acuerdo con Mercosur que se firmar\u00e1 pr\u00f3ximamente, enfatiz\u00f3 la importancia de incluir cl\u00e1usulas que protejan a los agricultores europeos, quienes han manifestado su oposici\u00f3n a dicho acuerdo.<\/p>\n","protected":false},"excerpt":{"rendered":"<p>Se\u00f1al\u00f3 que grandes potencias buscan dividirse el mundo entre ellas. Par\u00eds.- El presidente de Francia, Emmanuel Macron, afirm\u00f3 que Estados Unidos est\u00e1 \u00abalej\u00e1ndose gradualmente\u00bb de sus aliados y desatendiendo las normas internacionales, durante su discurso anual ante embajadores en Par\u00eds. Macron destac\u00f3 que las grandes potencias, como EUA, Rusia y China, parecen estar en una \u00abtentaci\u00f3n\u00bb de dividir el mundo entre ellas, lo que refleja una disminuci\u00f3n en la eficacia de las instituciones multilaterales. En su intervenci\u00f3n, el mandatario mencion\u00f3 la creciente \u00abagresi\u00f3n neocolonial\u00bb en la diplomacia global y se refiri\u00f3 a la reciente operaci\u00f3n militar de EUA en Venezuela, [&hellip;]<\/p>\n","protected":false},"author":2,"featured_media":189910,"comment_status":"closed","ping_status":"closed","sticky":false,"template":"","format":"standard","meta":{"_monsterinsights_skip_tracking":false,"_monsterinsights_sitenote_active":false,"_monsterinsights_sitenote_note":"","_monsterinsights_sitenote_category":0,"footnotes":""},"categories":[44],"tags":[],"class_list":["post-189909","post","type-post","status-publish","format-standard","has-post-thumbnail","hentry","category-internacional","post--single"],"_links":{"self":[{"href":"https:\/\/canal7slp.tv\/2026\/wp-json\/wp\/v2\/posts\/189909","targetHints":{"allow":["GET"]}}],"collection":[{"href":"https:\/\/canal7slp.tv\/2026\/wp-json\/wp\/v2\/posts"}],"about":[{"href":"https:\/\/canal7slp.tv\/2026\/wp-json\/wp\/v2\/types\/post"}],"author":[{"embeddable":true,"href":"https:\/\/canal7slp.tv\/2026\/wp-json\/wp\/v2\/users\/2"}],"replies":[{"embeddable":true,"href":"https:\/\/canal7slp.tv\/2026\/wp-json\/wp\/v2\/comments?post=189909"}],"version-history":[{"count":2,"href":"https:\/\/canal7slp.tv\/2026\/wp-json\/wp\/v2\/posts\/189909\/revisions"}],"predecessor-version":[{"id":189912,"href":"https:\/\/canal7slp.tv\/2026\/wp-json\/wp\/v2\/posts\/189909\/revisions\/189912"}],"wp:featuredmedia":[{"embeddable":true,"href":"https:\/\/canal7slp.tv\/2026\/wp-json\/wp\/v2\/media\/189910"}],"wp:attachment":[{"href":"https:\/\/canal7slp.tv\/2026\/wp-json\/wp\/v2\/media?parent=189909"}],"wp:term":[{"taxonomy":"category","embeddable":true,"href":"https:\/\/canal7slp.tv\/2026\/wp-json\/wp\/v2\/categories?post=189909"},{"taxonomy":"post_tag","embeddable":true,"href":"https:\/\/canal7slp.tv\/2026\/wp-json\/wp\/v2\/tags?post=189909"}],"curies":[{"name":"wp","href":"https:\/\/api.w.org\/{rel}","templated":true}]}}