{"id":189823,"date":"2026-01-07T16:36:07","date_gmt":"2026-01-07T22:36:07","guid":{"rendered":"https:\/\/canal7slp.tv\/2026\/?p=189823"},"modified":"2026-01-07T16:36:07","modified_gmt":"2026-01-07T22:36:07","slug":"detienen-en-puebla-a-exfuncionario-ligado-a-garcia-luna","status":"publish","type":"post","link":"https:\/\/canal7slp.tv\/2026\/detienen-en-puebla-a-exfuncionario-ligado-a-garcia-luna\/","title":{"rendered":"Detienen en Puebla a exfuncionario ligado a Garc\u00eda Luna"},"content":{"rendered":"<p style=\"text-align: justify;\">Puebla.- Polic\u00edas ministeriales del estado de Puebla cumplimentaron una orden de aprehensi\u00f3n contra Eduardo \u201cN\u201d, exfuncionario presuntamente vinculado a Genaro Garc\u00eda Luna, exsecretario de Seguridad P\u00fablica durante el sexenio de Felipe Calder\u00f3n. La detenci\u00f3n fue confirmada por la Fiscal\u00eda General de la Rep\u00fablica (FGR) durante una conferencia de prensa.<\/p>\n<p style=\"text-align: justify;\">Ulises Lara L\u00f3pez, fiscal especial en Investigaci\u00f3n de Asuntos Relevantes y vocero de la FGR, inform\u00f3 que Eduardo \u201cN\u201d es investigado por los delitos de peculado y delincuencia organizada, relacionados con operaciones con recursos de procedencia il\u00edcita desde 2008.<\/p>\n<p style=\"text-align: justify;\">De acuerdo con las indagatorias de la Fiscal\u00eda Especializada en Materia de Delincuencia Organizada (FEMDO), entre diciembre de 2008 y agosto de 2013, el imputado habr\u00eda firmado contratos de prestaci\u00f3n de servicios para diversos centros federales de readaptaci\u00f3n social, presuntamente de manera irregular.<\/p>\n<p style=\"text-align: justify;\">Lara L\u00f3pez precis\u00f3 que estos hechos ocurrieron mientras Genaro Garc\u00eda Luna, actualmente sentenciado en Estados Unidos, ocupaba un cargo p\u00fablico y coordinaba el gabinete de seguridad del gobierno federal.<\/p>\n<p style=\"text-align: justify;\">La FGR detall\u00f3 que la captura de Eduardo \u201cN\u201d fue resultado de labores de inteligencia realizadas en Puebla, tras lo cual fue puesto a disposici\u00f3n de la autoridad judicial correspondiente. El da\u00f1o econ\u00f3mico estimado derivado de estas operaciones asciende a aproximadamente 5 mil 112 millones de pesos.<\/p>\n<p style=\"text-align: justify;\">Este caso forma parte de la investigaci\u00f3n contra Genaro Garc\u00eda Luna, a quien se le atribuye haber orquestado el desv\u00edo de recursos p\u00fablicos mediante al menos 10 contratos ilegales.<\/p>\n","protected":false},"excerpt":{"rendered":"<p>Puebla.- Polic\u00edas ministeriales del estado de Puebla cumplimentaron una orden de aprehensi\u00f3n contra Eduardo \u201cN\u201d, exfuncionario presuntamente vinculado a Genaro Garc\u00eda Luna, exsecretario de Seguridad P\u00fablica durante el sexenio de Felipe Calder\u00f3n. La detenci\u00f3n fue confirmada por la Fiscal\u00eda General de la Rep\u00fablica (FGR) durante una conferencia de prensa. Ulises Lara L\u00f3pez, fiscal especial en Investigaci\u00f3n de Asuntos Relevantes y vocero de la FGR, inform\u00f3 que Eduardo \u201cN\u201d es investigado por los delitos de peculado y delincuencia organizada, relacionados con operaciones con recursos de procedencia il\u00edcita desde 2008. De acuerdo con las indagatorias de la Fiscal\u00eda Especializada en Materia de [&hellip;]<\/p>\n","protected":false},"author":2,"featured_media":189824,"comment_status":"closed","ping_status":"closed","sticky":false,"template":"","format":"standard","meta":{"_monsterinsights_skip_tracking":false,"_monsterinsights_sitenote_active":false,"_monsterinsights_sitenote_note":"","_monsterinsights_sitenote_category":0,"footnotes":""},"categories":[46],"tags":[],"class_list":["post-189823","post","type-post","status-publish","format-standard","has-post-thumbnail","hentry","category-nacional","post--single"],"_links":{"self":[{"href":"https:\/\/canal7slp.tv\/2026\/wp-json\/wp\/v2\/posts\/189823","targetHints":{"allow":["GET"]}}],"collection":[{"href":"https:\/\/canal7slp.tv\/2026\/wp-json\/wp\/v2\/posts"}],"about":[{"href":"https:\/\/canal7slp.tv\/2026\/wp-json\/wp\/v2\/types\/post"}],"author":[{"embeddable":true,"href":"https:\/\/canal7slp.tv\/2026\/wp-json\/wp\/v2\/users\/2"}],"replies":[{"embeddable":true,"href":"https:\/\/canal7slp.tv\/2026\/wp-json\/wp\/v2\/comments?post=189823"}],"version-history":[{"count":1,"href":"https:\/\/canal7slp.tv\/2026\/wp-json\/wp\/v2\/posts\/189823\/revisions"}],"predecessor-version":[{"id":189825,"href":"https:\/\/canal7slp.tv\/2026\/wp-json\/wp\/v2\/posts\/189823\/revisions\/189825"}],"wp:featuredmedia":[{"embeddable":true,"href":"https:\/\/canal7slp.tv\/2026\/wp-json\/wp\/v2\/media\/189824"}],"wp:attachment":[{"href":"https:\/\/canal7slp.tv\/2026\/wp-json\/wp\/v2\/media?parent=189823"}],"wp:term":[{"taxonomy":"category","embeddable":true,"href":"https:\/\/canal7slp.tv\/2026\/wp-json\/wp\/v2\/categories?post=189823"},{"taxonomy":"post_tag","embeddable":true,"href":"https:\/\/canal7slp.tv\/2026\/wp-json\/wp\/v2\/tags?post=189823"}],"curies":[{"name":"wp","href":"https:\/\/api.w.org\/{rel}","templated":true}]}}