{"id":189773,"date":"2026-01-07T17:22:56","date_gmt":"2026-01-07T23:22:56","guid":{"rendered":"https:\/\/canal7slp.tv\/2026\/?p=189773"},"modified":"2026-01-07T17:22:56","modified_gmt":"2026-01-07T23:22:56","slug":"evaluaciones-al-congreso-no-siempre-reflejan-la-dinamica-interna-del-trabajo-legislativo-juan-carlos-valladares","status":"publish","type":"post","link":"https:\/\/canal7slp.tv\/2026\/evaluaciones-al-congreso-no-siempre-reflejan-la-dinamica-interna-del-trabajo-legislativo-juan-carlos-valladares\/","title":{"rendered":"Evaluaciones al Congreso no siempre reflejan la din\u00e1mica interna del trabajo legislativo: Juan Carlos Valladares"},"content":{"rendered":"<p style=\"text-align: justify;\"><span style=\"font-size: 1.21429rem;\">SLP.- El diputado federal Juan Carlos Valladares se refiri\u00f3 a las evaluaciones que distintas organizaciones realizan sobre el trabajo legislativo e indic\u00f3 que estos ejercicios no siempre reflejan las condiciones reales bajo las cuales se toman decisiones dentro del Congreso.<\/span><\/p>\n<p style=\"text-align: justify;\">\u201cEs dif\u00edcil hablar sobre el tema, creo que yo hoy al ser legislador te podr\u00eda decir que muchas veces las cosas de fuera se ven de manera distinta. Habr\u00eda que estar ah\u00ed adentro para entender muchos de los acuerdos pol\u00edticos, de los ajustes, de lo que se puede hacer y no\u00bb, dijo.<\/p>\n<p style=\"text-align: justify;\">Coment\u00f3 que, aunque los legisladores llegan con agendas y proyectos definidos, la din\u00e1mica legislativa impone restricciones que modifican el alcance de sus propuestas y la forma en que estas son percibidas desde el exterior.<\/p>\n<p style=\"text-align: justify;\">\u201cComo legislador siempre llegas con la buena intenci\u00f3n de tratar de meter todos tus proyectos, de qu\u00e9 vas en tus ideas, pero luego te topas con cuestiones ah\u00ed que son ajenas a un diputado y eso cambia mucho la perspectiva hacia afuera\u00bb, sostuvo.<\/p>\n<p style=\"text-align: justify;\">El congresista reconoci\u00f3 que existen m\u00e9todos para evaluar el desempe\u00f1o legislativo, pero consider\u00f3 que cada perfil enfrenta contextos distintos que deben ser tomados en cuenta al momento de emitir juicios p\u00fablicos.<\/p>\n<p style=\"text-align: justify;\">\u201cPor eso no me gustar\u00eda juzgar porque yo vivi\u00e9ndolo desde adentro se lo complicado que es, obviamente tienen est\u00e1ndares para calificar, obviamente unos que tienen mucho sentido, pero a m\u00ed me gustar\u00eda dejar este tema como muy particular de cada posici\u00f3n y de cada legislatura\u00bb, agreg\u00f3.<\/p>\n<p style=\"text-align: justify;\">Se\u00f1al\u00f3 que el trabajo parlamentario depende del consenso y del acuerdo colectivo, lo que limita la actuaci\u00f3n individual y tiene impacto directo en los resultados que se reflejan en las evaluaciones externas.<\/p>\n<p style=\"text-align: justify;\">\u201cCreo que si todos trabaj\u00e1ramos por la libre, todo ser\u00eda una din\u00e1mica totalmente distinta, tenemos que apelar a muchos acuerdos que nos limitan nuestros trabajos y luego pues te generan ese tipo de calificaciones que desde afuera tienen el sentido, pero cuando est\u00e1s adentro es muy complicado entenderlas\u00bb, culmin\u00f3.<\/p>\n<p>Por: Jos\u00e9 Luis V\u00e1zquez<\/p>\n","protected":false},"excerpt":{"rendered":"<p>SLP.- El diputado federal Juan Carlos Valladares se refiri\u00f3 a las evaluaciones que distintas organizaciones realizan sobre el trabajo legislativo e indic\u00f3 que estos ejercicios no siempre reflejan las condiciones reales bajo las cuales se toman decisiones dentro del Congreso. \u201cEs dif\u00edcil hablar sobre el tema, creo que yo hoy al ser legislador te podr\u00eda decir que muchas veces las cosas de fuera se ven de manera distinta. Habr\u00eda que estar ah\u00ed adentro para entender muchos de los acuerdos pol\u00edticos, de los ajustes, de lo que se puede hacer y no\u00bb, dijo. Coment\u00f3 que, aunque los legisladores llegan con agendas [&hellip;]<\/p>\n","protected":false},"author":2,"featured_media":189856,"comment_status":"closed","ping_status":"closed","sticky":false,"template":"","format":"video","meta":{"_monsterinsights_skip_tracking":false,"_monsterinsights_sitenote_active":false,"_monsterinsights_sitenote_note":"","_monsterinsights_sitenote_category":0,"footnotes":""},"categories":[3,5,45],"tags":[],"class_list":["post-189773","post","type-post","status-publish","format-video","has-post-thumbnail","hentry","category-congreso","category-destacadas","category-localesyregionales","post_format-post-format-video","post--single"],"_links":{"self":[{"href":"https:\/\/canal7slp.tv\/2026\/wp-json\/wp\/v2\/posts\/189773","targetHints":{"allow":["GET"]}}],"collection":[{"href":"https:\/\/canal7slp.tv\/2026\/wp-json\/wp\/v2\/posts"}],"about":[{"href":"https:\/\/canal7slp.tv\/2026\/wp-json\/wp\/v2\/types\/post"}],"author":[{"embeddable":true,"href":"https:\/\/canal7slp.tv\/2026\/wp-json\/wp\/v2\/users\/2"}],"replies":[{"embeddable":true,"href":"https:\/\/canal7slp.tv\/2026\/wp-json\/wp\/v2\/comments?post=189773"}],"version-history":[{"count":2,"href":"https:\/\/canal7slp.tv\/2026\/wp-json\/wp\/v2\/posts\/189773\/revisions"}],"predecessor-version":[{"id":189857,"href":"https:\/\/canal7slp.tv\/2026\/wp-json\/wp\/v2\/posts\/189773\/revisions\/189857"}],"wp:featuredmedia":[{"embeddable":true,"href":"https:\/\/canal7slp.tv\/2026\/wp-json\/wp\/v2\/media\/189856"}],"wp:attachment":[{"href":"https:\/\/canal7slp.tv\/2026\/wp-json\/wp\/v2\/media?parent=189773"}],"wp:term":[{"taxonomy":"category","embeddable":true,"href":"https:\/\/canal7slp.tv\/2026\/wp-json\/wp\/v2\/categories?post=189773"},{"taxonomy":"post_tag","embeddable":true,"href":"https:\/\/canal7slp.tv\/2026\/wp-json\/wp\/v2\/tags?post=189773"}],"curies":[{"name":"wp","href":"https:\/\/api.w.org\/{rel}","templated":true}]}}