{"id":189771,"date":"2026-01-08T10:00:40","date_gmt":"2026-01-08T16:00:40","guid":{"rendered":"https:\/\/canal7slp.tv\/2026\/?p=189771"},"modified":"2026-01-07T17:31:25","modified_gmt":"2026-01-07T23:31:25","slug":"admiten-autoridades-rezagos-en-estrategia-para-mejorar-percepcion-de-inseguridad-en-slp","status":"publish","type":"post","link":"https:\/\/canal7slp.tv\/2026\/admiten-autoridades-rezagos-en-estrategia-para-mejorar-percepcion-de-inseguridad-en-slp\/","title":{"rendered":"Admiten autoridades rezagos en estrategia para mejorar percepci\u00f3n de inseguridad en SLP"},"content":{"rendered":"<p style=\"text-align: justify;\"><span style=\"font-size: 1.21429rem;\">SLP.- Las autoridades de seguridad en San Luis Potos\u00ed reconocieron que la percepci\u00f3n de inseguridad entre la poblaci\u00f3n requiere acciones adicionales enfocadas en el contacto directo con la ciudadan\u00eda.<\/span><\/p>\n<p style=\"text-align: justify;\">\u201cPrincipalmente en una proximidad social, bueno desde un punto de vista anal\u00edtico que hemos venido realizando en conjunto, tanto la autoridad Federal como la municipal y la estatal\u00bb, dijo el titular de la Secretar\u00eda de Seguridad y Protecci\u00f3n Ciudadana, Jes\u00fas Ju\u00e1rez Hern\u00e1ndez.<\/p>\n<p style=\"text-align: justify;\">Desde la dependencia se plantea que, adem\u00e1s de las tareas operativas, es necesario fortalecer pol\u00edticas p\u00fablicas que atiendan problem\u00e1ticas sociales vinculadas a la violencia y al entorno comunitario.<\/p>\n<p style=\"text-align: justify;\">\u201cCreo que nos falta trabajar en muchos temas transversales c\u00f3mo actuar con enfoque de g\u00e9nero, combatir la violencia familiar, la violencia de g\u00e9nero, el acercamiento a la sociedad para recuperar espacios. Con asociaciones no gubernamentales, sectores empresariales y econ\u00f3micos, comerciales como abastos\u00bb, dijo.<\/p>\n<p style=\"text-align: justify;\">La estrategia tambi\u00e9n contempla la protecci\u00f3n de sectores clave para el desarrollo del estado, as\u00ed como la recuperaci\u00f3n del tejido social en espacios p\u00fablicos, al considerar que la seguridad no solo se mide por cifras delictivas, sino por la confianza de la poblaci\u00f3n en su entorno cotidiano.<\/p>\n<p style=\"text-align: justify;\">\u201cCuidando mucho el tema tur\u00edstico y cultural pero tambi\u00e9n la familia y el econ\u00f3mico&#8230; Creo que ah\u00ed nos falta o nos queremos enfocar a realizar mayor proximidad social, creo que eso tiene que ver con las percepci\u00f3n de seguridad\u00bb, a\u00f1adi\u00f3.<\/p>\n<p style=\"text-align: justify;\">Ju\u00e1rez Hern\u00e1ndez, se\u00f1al\u00f3 que el fortalecimiento de la proximidad social ser\u00e1 una de las l\u00edneas prioritarias en este 2026 para incidir directamente en c\u00f3mo la ciudadan\u00eda percibe las condiciones de seguridad en San Luis Potos\u00ed.<\/p>\n<p>Por: Jos\u00e9 Luis V\u00e1zquez<\/p>\n","protected":false},"excerpt":{"rendered":"<p>SLP.- Las autoridades de seguridad en San Luis Potos\u00ed reconocieron que la percepci\u00f3n de inseguridad entre la poblaci\u00f3n requiere acciones adicionales enfocadas en el contacto directo con la ciudadan\u00eda. \u201cPrincipalmente en una proximidad social, bueno desde un punto de vista anal\u00edtico que hemos venido realizando en conjunto, tanto la autoridad Federal como la municipal y la estatal\u00bb, dijo el titular de la Secretar\u00eda de Seguridad y Protecci\u00f3n Ciudadana, Jes\u00fas Ju\u00e1rez Hern\u00e1ndez. Desde la dependencia se plantea que, adem\u00e1s de las tareas operativas, es necesario fortalecer pol\u00edticas p\u00fablicas que atiendan problem\u00e1ticas sociales vinculadas a la violencia y al entorno comunitario. \u201cCreo [&hellip;]<\/p>\n","protected":false},"author":2,"featured_media":189859,"comment_status":"closed","ping_status":"closed","sticky":false,"template":"","format":"video","meta":{"_monsterinsights_skip_tracking":false,"_monsterinsights_sitenote_active":false,"_monsterinsights_sitenote_note":"","_monsterinsights_sitenote_category":0,"footnotes":""},"categories":[5,510,45],"tags":[],"class_list":["post-189771","post","type-post","status-publish","format-video","has-post-thumbnail","hentry","category-destacadas","category-gobedoslp","category-localesyregionales","post_format-post-format-video","post--single"],"_links":{"self":[{"href":"https:\/\/canal7slp.tv\/2026\/wp-json\/wp\/v2\/posts\/189771","targetHints":{"allow":["GET"]}}],"collection":[{"href":"https:\/\/canal7slp.tv\/2026\/wp-json\/wp\/v2\/posts"}],"about":[{"href":"https:\/\/canal7slp.tv\/2026\/wp-json\/wp\/v2\/types\/post"}],"author":[{"embeddable":true,"href":"https:\/\/canal7slp.tv\/2026\/wp-json\/wp\/v2\/users\/2"}],"replies":[{"embeddable":true,"href":"https:\/\/canal7slp.tv\/2026\/wp-json\/wp\/v2\/comments?post=189771"}],"version-history":[{"count":3,"href":"https:\/\/canal7slp.tv\/2026\/wp-json\/wp\/v2\/posts\/189771\/revisions"}],"predecessor-version":[{"id":189860,"href":"https:\/\/canal7slp.tv\/2026\/wp-json\/wp\/v2\/posts\/189771\/revisions\/189860"}],"wp:featuredmedia":[{"embeddable":true,"href":"https:\/\/canal7slp.tv\/2026\/wp-json\/wp\/v2\/media\/189859"}],"wp:attachment":[{"href":"https:\/\/canal7slp.tv\/2026\/wp-json\/wp\/v2\/media?parent=189771"}],"wp:term":[{"taxonomy":"category","embeddable":true,"href":"https:\/\/canal7slp.tv\/2026\/wp-json\/wp\/v2\/categories?post=189771"},{"taxonomy":"post_tag","embeddable":true,"href":"https:\/\/canal7slp.tv\/2026\/wp-json\/wp\/v2\/tags?post=189771"}],"curies":[{"name":"wp","href":"https:\/\/api.w.org\/{rel}","templated":true}]}}