{"id":189726,"date":"2026-01-07T10:00:36","date_gmt":"2026-01-07T16:00:36","guid":{"rendered":"https:\/\/canal7slp.tv\/2026\/?p=189726"},"modified":"2026-01-06T17:21:13","modified_gmt":"2026-01-06T23:21:13","slug":"direccion-de-ecologia-municipal-de-soledad-procesara-composta-con-arboles-navidenos","status":"publish","type":"post","link":"https:\/\/canal7slp.tv\/2026\/direccion-de-ecologia-municipal-de-soledad-procesara-composta-con-arboles-navidenos\/","title":{"rendered":"Direcci\u00f3n de Ecolog\u00eda municipal de Soledad procesar\u00e1 composta con \u00e1rboles navide\u00f1os"},"content":{"rendered":"<p style=\"text-align: justify;\"><span style=\"font-size: 1.21429rem;\">SGS.- Por primera vez en este a\u00f1o la direcci\u00f3n de Ecolog\u00eda del municipio de Soledad de Graciano S\u00e1nchez procesar\u00e1 los \u00e1rboles de Navidad que se recolecten, para convertirlos en composta inform\u00f3 su titular Yazm\u00edn Luna.<\/span><\/p>\n<p style=\"text-align: justify;\">La funcionaria municipal coment\u00f3 que este abono org\u00e1nico servir\u00e1 para usarlo en el mantenimiento de las \u00e1reas verdes al decir que tambi\u00e9n estar\u00e1 a disposici\u00f3n de la gente que lo requiera, y sin costo alguno.<\/p>\n<p style=\"text-align: justify;\">La directora de Ecolog\u00eda inform\u00f3 tambi\u00e9n que se habilitar\u00e1n centros de acopio temporales como en la Unidad Administrativa Municipal y otros puntos estrat\u00e9gicos, para que los pinos navide\u00f1os no se desechen en \u00e1reas p\u00fablicas evitando con ello un problema de contaminaci\u00f3n, \u00f3 un riesgo de incendio.<\/p>\n<p>Por: Claudio Ibarra<\/p>\n","protected":false},"excerpt":{"rendered":"<p>SGS.- Por primera vez en este a\u00f1o la direcci\u00f3n de Ecolog\u00eda del municipio de Soledad de Graciano S\u00e1nchez procesar\u00e1 los \u00e1rboles de Navidad que se recolecten, para convertirlos en composta inform\u00f3 su titular Yazm\u00edn Luna. La funcionaria municipal coment\u00f3 que este abono org\u00e1nico servir\u00e1 para usarlo en el mantenimiento de las \u00e1reas verdes al decir que tambi\u00e9n estar\u00e1 a disposici\u00f3n de la gente que lo requiera, y sin costo alguno. La directora de Ecolog\u00eda inform\u00f3 tambi\u00e9n que se habilitar\u00e1n centros de acopio temporales como en la Unidad Administrativa Municipal y otros puntos estrat\u00e9gicos, para que los pinos navide\u00f1os no se [&hellip;]<\/p>\n","protected":false},"author":2,"featured_media":189754,"comment_status":"closed","ping_status":"closed","sticky":false,"template":"","format":"video","meta":{"_monsterinsights_skip_tracking":false,"_monsterinsights_sitenote_active":false,"_monsterinsights_sitenote_note":"","_monsterinsights_sitenote_category":0,"footnotes":""},"categories":[512,5,45],"tags":[],"class_list":["post-189726","post","type-post","status-publish","format-video","has-post-thumbnail","hentry","category-ayosgs","category-destacadas","category-localesyregionales","post_format-post-format-video","post--single"],"_links":{"self":[{"href":"https:\/\/canal7slp.tv\/2026\/wp-json\/wp\/v2\/posts\/189726","targetHints":{"allow":["GET"]}}],"collection":[{"href":"https:\/\/canal7slp.tv\/2026\/wp-json\/wp\/v2\/posts"}],"about":[{"href":"https:\/\/canal7slp.tv\/2026\/wp-json\/wp\/v2\/types\/post"}],"author":[{"embeddable":true,"href":"https:\/\/canal7slp.tv\/2026\/wp-json\/wp\/v2\/users\/2"}],"replies":[{"embeddable":true,"href":"https:\/\/canal7slp.tv\/2026\/wp-json\/wp\/v2\/comments?post=189726"}],"version-history":[{"count":2,"href":"https:\/\/canal7slp.tv\/2026\/wp-json\/wp\/v2\/posts\/189726\/revisions"}],"predecessor-version":[{"id":189755,"href":"https:\/\/canal7slp.tv\/2026\/wp-json\/wp\/v2\/posts\/189726\/revisions\/189755"}],"wp:featuredmedia":[{"embeddable":true,"href":"https:\/\/canal7slp.tv\/2026\/wp-json\/wp\/v2\/media\/189754"}],"wp:attachment":[{"href":"https:\/\/canal7slp.tv\/2026\/wp-json\/wp\/v2\/media?parent=189726"}],"wp:term":[{"taxonomy":"category","embeddable":true,"href":"https:\/\/canal7slp.tv\/2026\/wp-json\/wp\/v2\/categories?post=189726"},{"taxonomy":"post_tag","embeddable":true,"href":"https:\/\/canal7slp.tv\/2026\/wp-json\/wp\/v2\/tags?post=189726"}],"curies":[{"name":"wp","href":"https:\/\/api.w.org\/{rel}","templated":true}]}}