{"id":189622,"date":"2026-01-05T15:37:25","date_gmt":"2026-01-05T21:37:25","guid":{"rendered":"https:\/\/canal7slp.tv\/2026\/?p=189622"},"modified":"2026-01-05T15:37:25","modified_gmt":"2026-01-05T21:37:25","slug":"delcy-rodriguez-asume-como-mandataria-encargada-de-venezuela","status":"publish","type":"post","link":"https:\/\/canal7slp.tv\/2026\/delcy-rodriguez-asume-como-mandataria-encargada-de-venezuela\/","title":{"rendered":"Delcy Rodr\u00edguez asume como mandataria encargada de Venezuela"},"content":{"rendered":"<p style=\"text-align: justify;\">Caracas.- La vicepresidenta ejecutiva de Venezuela, Delcy Rodr\u00edguez, asumi\u00f3 el cargo de mandataria encargada del pa\u00eds el lunes 5 de enero de 2026, dos d\u00edas despu\u00e9s de la captura del presidente Nicol\u00e1s Maduro y de su esposa, la diputada Cilia Flores, por fuerzas estadounidenses durante una serie de ataques en Caracas y en tres estados cercanos.<\/p>\n<p style=\"text-align: justify;\">Rodr\u00edguez fue juramentada por el presidente de la Asamblea Nacional, Jorge Rodr\u00edguez, su hermano, en un acto realizado en medio de una profunda crisis pol\u00edtica y de seguridad.<\/p>\n<p style=\"text-align: justify;\">En su primer discurso como jefa del Ejecutivo, se comprometi\u00f3 a trabajar incansablemente para preservar la paz, en lo que describi\u00f3 como \u201choras terribles de amenazas contra la estabilidad del pa\u00eds\u201d.<\/p>\n<p style=\"text-align: justify;\">La nueva mandataria expres\u00f3 su pesar por el sufrimiento del pueblo venezolano tras lo que calific\u00f3 como una \u201cagresi\u00f3n militar ileg\u00edtima\u201d, y asegur\u00f3 que Maduro y Flores son \u201crehenes\u201d del gobierno de Estados Unidos.<\/p>\n<p style=\"text-align: justify;\">Asimismo, afirm\u00f3 que su administraci\u00f3n buscar\u00e1 conducir al pa\u00eds hacia un futuro de libertad, soberan\u00eda e independencia, con un gobierno orientado a la estabilidad pol\u00edtica y el bienestar social.<\/p>\n<p style=\"text-align: justify;\">Convocada por el Tribunal Supremo de Justicia, Rodr\u00edguez ya presidi\u00f3 su primer consejo de ministros y anunci\u00f3 la creaci\u00f3n de una comisi\u00f3n especial para gestionar la liberaci\u00f3n de Maduro y Flores.<\/p>\n<p style=\"text-align: justify;\">Dicho grupo ser\u00e1 encabezado por Jorge Rodr\u00edguez e integrado, entre otros, por los hijos del mandatario detenido.<\/p>\n<p style=\"text-align: justify;\">En paralelo, Rodr\u00edguez inform\u00f3 a trav\u00e9s de Telegram que propuso a Washington establecer una \u201cagenda de cooperaci\u00f3n\u201d bilateral. En respuesta, el presidente de Estados Unidos, Donald Trump, exigi\u00f3 a la mandataria \u201cacceso total\u201d a los recursos naturales de Venezuela y mencion\u00f3 la posibilidad de reabrir la embajada estadounidense en Caracas. Trump advirti\u00f3 que, si Rodr\u00edguez \u201cno hace lo correcto\u201d, enfrentar\u00e1 un futuro \u201cpeor\u201d que el de Maduro.<\/p>\n","protected":false},"excerpt":{"rendered":"<p>Caracas.- La vicepresidenta ejecutiva de Venezuela, Delcy Rodr\u00edguez, asumi\u00f3 el cargo de mandataria encargada del pa\u00eds el lunes 5 de enero de 2026, dos d\u00edas despu\u00e9s de la captura del presidente Nicol\u00e1s Maduro y de su esposa, la diputada Cilia Flores, por fuerzas estadounidenses durante una serie de ataques en Caracas y en tres estados cercanos. Rodr\u00edguez fue juramentada por el presidente de la Asamblea Nacional, Jorge Rodr\u00edguez, su hermano, en un acto realizado en medio de una profunda crisis pol\u00edtica y de seguridad. En su primer discurso como jefa del Ejecutivo, se comprometi\u00f3 a trabajar incansablemente para preservar la [&hellip;]<\/p>\n","protected":false},"author":2,"featured_media":189623,"comment_status":"closed","ping_status":"closed","sticky":false,"template":"","format":"standard","meta":{"_monsterinsights_skip_tracking":false,"_monsterinsights_sitenote_active":false,"_monsterinsights_sitenote_note":"","_monsterinsights_sitenote_category":0,"footnotes":""},"categories":[44],"tags":[],"class_list":["post-189622","post","type-post","status-publish","format-standard","has-post-thumbnail","hentry","category-internacional","post--single"],"_links":{"self":[{"href":"https:\/\/canal7slp.tv\/2026\/wp-json\/wp\/v2\/posts\/189622","targetHints":{"allow":["GET"]}}],"collection":[{"href":"https:\/\/canal7slp.tv\/2026\/wp-json\/wp\/v2\/posts"}],"about":[{"href":"https:\/\/canal7slp.tv\/2026\/wp-json\/wp\/v2\/types\/post"}],"author":[{"embeddable":true,"href":"https:\/\/canal7slp.tv\/2026\/wp-json\/wp\/v2\/users\/2"}],"replies":[{"embeddable":true,"href":"https:\/\/canal7slp.tv\/2026\/wp-json\/wp\/v2\/comments?post=189622"}],"version-history":[{"count":1,"href":"https:\/\/canal7slp.tv\/2026\/wp-json\/wp\/v2\/posts\/189622\/revisions"}],"predecessor-version":[{"id":189624,"href":"https:\/\/canal7slp.tv\/2026\/wp-json\/wp\/v2\/posts\/189622\/revisions\/189624"}],"wp:featuredmedia":[{"embeddable":true,"href":"https:\/\/canal7slp.tv\/2026\/wp-json\/wp\/v2\/media\/189623"}],"wp:attachment":[{"href":"https:\/\/canal7slp.tv\/2026\/wp-json\/wp\/v2\/media?parent=189622"}],"wp:term":[{"taxonomy":"category","embeddable":true,"href":"https:\/\/canal7slp.tv\/2026\/wp-json\/wp\/v2\/categories?post=189622"},{"taxonomy":"post_tag","embeddable":true,"href":"https:\/\/canal7slp.tv\/2026\/wp-json\/wp\/v2\/tags?post=189622"}],"curies":[{"name":"wp","href":"https:\/\/api.w.org\/{rel}","templated":true}]}}