{"id":189610,"date":"2026-01-05T21:31:31","date_gmt":"2026-01-06T03:31:31","guid":{"rendered":"https:\/\/canal7slp.tv\/2026\/?p=189610"},"modified":"2026-01-05T21:31:31","modified_gmt":"2026-01-06T03:31:31","slug":"sin-definir-tarifa-del-transporte-publico-en-san-luis-potosi","status":"publish","type":"post","link":"https:\/\/canal7slp.tv\/2026\/sin-definir-tarifa-del-transporte-publico-en-san-luis-potosi\/","title":{"rendered":"Sin definir tarifa del transporte p\u00fablico en San Luis Potos\u00ed"},"content":{"rendered":"<p style=\"text-align: justify;\"><span style=\"font-size: 1.21429rem;\">SLP.- El ajuste a la tarifa del transporte p\u00fablico urbano en San Luis Potos\u00ed a\u00fan se encuentra en proceso de revisi\u00f3n.<\/span><\/p>\n<p style=\"text-align: justify;\">No ha sido definido, en tanto se analizan los criterios t\u00e9cnicos y legales.<\/p>\n<p style=\"text-align: justify;\">Autoridades estatales confirmaron que el an\u00e1lisis se realiza en coordinaci\u00f3n con concesionarios del servicio, quienes deben cumplir con los requisitos establecidos.<\/p>\n<p style=\"text-align: justify;\">El proceso considera la aplicaci\u00f3n de mecanismos de indexaci\u00f3n al \u00cdndice Nacional de Precios al Consumidor, as\u00ed como otros factores econ\u00f3micos, sin que hasta el momento exista una determinaci\u00f3n final sobre posibles porcentajes de incremento o fecha de aplicaci\u00f3n.<\/p>\n<p style=\"text-align: justify;\">En este contexto, el gobernador de San Luis Potos\u00ed, Ricardo Gallardo Cardona, ha se\u00f1alado que el objetivo central es evitar que cualquier decisi\u00f3n en materia tarifaria repercuta de manera negativa en la ciudadan\u00eda.<\/p>\n<p style=\"text-align: justify;\">Argument\u00f3 que se exploran alternativas que permitan mantener la operatividad del servicio, sin trasladar otras cargas a los usuarios.<\/p>\n<p style=\"text-align: justify;\">\u201cNo, la est\u00e1n revisando, vamos a apoyar a los permisionarios, a ver de qu\u00e9 manera, para que no le afecte ning\u00fan aumento a la ciudadan\u00eda\u00bb, dijo.<\/p>\n<p>Por: Jos\u00e9 Luis V\u00e1zquez<\/p>\n","protected":false},"excerpt":{"rendered":"<p>SLP.- El ajuste a la tarifa del transporte p\u00fablico urbano en San Luis Potos\u00ed a\u00fan se encuentra en proceso de revisi\u00f3n. No ha sido definido, en tanto se analizan los criterios t\u00e9cnicos y legales. Autoridades estatales confirmaron que el an\u00e1lisis se realiza en coordinaci\u00f3n con concesionarios del servicio, quienes deben cumplir con los requisitos establecidos. El proceso considera la aplicaci\u00f3n de mecanismos de indexaci\u00f3n al \u00cdndice Nacional de Precios al Consumidor, as\u00ed como otros factores econ\u00f3micos, sin que hasta el momento exista una determinaci\u00f3n final sobre posibles porcentajes de incremento o fecha de aplicaci\u00f3n. En este contexto, el gobernador de [&hellip;]<\/p>\n","protected":false},"author":2,"featured_media":189666,"comment_status":"closed","ping_status":"closed","sticky":false,"template":"","format":"video","meta":{"_monsterinsights_skip_tracking":false,"_monsterinsights_sitenote_active":false,"_monsterinsights_sitenote_note":"","_monsterinsights_sitenote_category":0,"footnotes":""},"categories":[5,45],"tags":[],"class_list":["post-189610","post","type-post","status-publish","format-video","has-post-thumbnail","hentry","category-destacadas","category-localesyregionales","post_format-post-format-video","post--single"],"_links":{"self":[{"href":"https:\/\/canal7slp.tv\/2026\/wp-json\/wp\/v2\/posts\/189610","targetHints":{"allow":["GET"]}}],"collection":[{"href":"https:\/\/canal7slp.tv\/2026\/wp-json\/wp\/v2\/posts"}],"about":[{"href":"https:\/\/canal7slp.tv\/2026\/wp-json\/wp\/v2\/types\/post"}],"author":[{"embeddable":true,"href":"https:\/\/canal7slp.tv\/2026\/wp-json\/wp\/v2\/users\/2"}],"replies":[{"embeddable":true,"href":"https:\/\/canal7slp.tv\/2026\/wp-json\/wp\/v2\/comments?post=189610"}],"version-history":[{"count":3,"href":"https:\/\/canal7slp.tv\/2026\/wp-json\/wp\/v2\/posts\/189610\/revisions"}],"predecessor-version":[{"id":189667,"href":"https:\/\/canal7slp.tv\/2026\/wp-json\/wp\/v2\/posts\/189610\/revisions\/189667"}],"wp:featuredmedia":[{"embeddable":true,"href":"https:\/\/canal7slp.tv\/2026\/wp-json\/wp\/v2\/media\/189666"}],"wp:attachment":[{"href":"https:\/\/canal7slp.tv\/2026\/wp-json\/wp\/v2\/media?parent=189610"}],"wp:term":[{"taxonomy":"category","embeddable":true,"href":"https:\/\/canal7slp.tv\/2026\/wp-json\/wp\/v2\/categories?post=189610"},{"taxonomy":"post_tag","embeddable":true,"href":"https:\/\/canal7slp.tv\/2026\/wp-json\/wp\/v2\/tags?post=189610"}],"curies":[{"name":"wp","href":"https:\/\/api.w.org\/{rel}","templated":true}]}}