{"id":189609,"date":"2026-01-06T10:30:03","date_gmt":"2026-01-06T16:30:03","guid":{"rendered":"https:\/\/canal7slp.tv\/2026\/?p=189609"},"modified":"2026-01-05T21:40:44","modified_gmt":"2026-01-06T03:40:44","slug":"encabeza-alcalde-de-slp-arranque-de-actividades-2026","status":"publish","type":"post","link":"https:\/\/canal7slp.tv\/2026\/encabeza-alcalde-de-slp-arranque-de-actividades-2026\/","title":{"rendered":"Encabeza alcalde de SLP arranque de actividades 2026"},"content":{"rendered":"<p style=\"text-align: justify;\"><span style=\"font-size: 1.21429rem;\">nSLP.- El Ayuntamiento de San Luis Potos\u00ed inici\u00f3 formalmente las actividades correspondientes a 2026 mediante un acto en el que se marc\u00f3 el arranque del ejercicio anual y la continuidad de las labores en las distintas \u00e1reas operativas de la administraci\u00f3n capitalina.<\/span><\/p>\n<p style=\"text-align: justify;\">Durante el evento, el alcalde Enrique Galindo Ceballos dirigi\u00f3 un mensaje al personal, en el que explic\u00f3 el sentido institucional del inicio de a\u00f1o y el enfoque con el que se plantea el trabajo para el nuevo periodo.<\/p>\n<p style=\"text-align: justify;\">\u201cPor qu\u00e9 hacemos este arranque, para m\u00ed es un acto simb\u00f3lico para decir hoy agarramos este a\u00f1o 2026 con un fuerte compromiso, poca gente sabe lo que todos ustedes hacen para que esta ciudad funcione\u00bb, dijo.<\/p>\n<p style=\"text-align: justify;\">Hizo referencia al comportamiento registrado durante el a\u00f1o previo en materia de servicios p\u00fablicos, particularmente en el rubro h\u00eddrico.<\/p>\n<p style=\"text-align: justify;\">\u201cLa gente me dice cosas buenas de la ciudad&#8230; 2025 fue un a\u00f1o en el que no hubo esa crisis del agua del 23, yo le digo a la gente si supieran lo que hay que hacer, si supiera lo que toda nuestra gente del Interapas y de la direcci\u00f3n del agua hacen para que usted abra la llave y caiga agua\u00bb, se\u00f1al\u00f3.<\/p>\n<p style=\"text-align: justify;\">Asimismo, abord\u00f3 aspectos relacionados con la operaci\u00f3n diaria de la ciudad, al mencionar las labores que se realizan de manera continua para mantener condiciones de limpieza en la v\u00eda p\u00fablica.<\/p>\n<p style=\"text-align: justify;\">\u00abSi supieran lo que significa amanecer hoy 5 de enero y recibi\u00f3 una ciudad limpia, cu\u00e1ntas hombres y mujeres al d\u00eda, de noche y de madrugada amanecen limpiando la calle para que uno venga de repente y la vea bien\u00bb.<\/p>\n<p style=\"text-align: justify;\">Prosigui\u00f3: \u201cHay ciudadanos y ciudadanas que de repente se les hace f\u00e1cil y tiran el botecito del agua, multipl\u00edquenlo por 300 mil personas, pues atr\u00e1s hay un ej\u00e9rcito de hombres y mujeres que mantienen esta ciudad limpia\u00bb.<\/p>\n<p style=\"text-align: justify;\">El alcalde se\u00f1al\u00f3 la complejidad operativa de servicios como el alumbrado p\u00fablico y cerr\u00f3 su intervenci\u00f3n con un reconocimiento al personal del Ayuntamiento.<\/p>\n<p style=\"text-align: justify;\">\u201cLa gente no sabe no entiende c\u00f3mo se hace para que el alumbrado p\u00fablico se encienda puntualmente a las 7&#8230; Yo le digo a la gente que lo que hay detr\u00e1s es mucho amor por la ciudad, mucho compromiso por la ciudad\u00bb, coment\u00f3.<\/p>\n<p style=\"text-align: justify;\">Termin\u00f3: \u201cReconocer y agradecer a todos los trabajadores, a todas las trabajadoras del ayuntamiento, que lo hacemos por un salario y unas prestaciones, pero sobretodo se que lo hacen por amor a SLP, ustedes se han entregado a la ciudad.\u201d<\/p>\n<p>Por: Jos\u00e9 Luis V\u00e1zquez<\/p>\n","protected":false},"excerpt":{"rendered":"<p>nSLP.- El Ayuntamiento de San Luis Potos\u00ed inici\u00f3 formalmente las actividades correspondientes a 2026 mediante un acto en el que se marc\u00f3 el arranque del ejercicio anual y la continuidad de las labores en las distintas \u00e1reas operativas de la administraci\u00f3n capitalina. Durante el evento, el alcalde Enrique Galindo Ceballos dirigi\u00f3 un mensaje al personal, en el que explic\u00f3 el sentido institucional del inicio de a\u00f1o y el enfoque con el que se plantea el trabajo para el nuevo periodo. \u201cPor qu\u00e9 hacemos este arranque, para m\u00ed es un acto simb\u00f3lico para decir hoy agarramos este a\u00f1o 2026 con un [&hellip;]<\/p>\n","protected":false},"author":2,"featured_media":189669,"comment_status":"closed","ping_status":"closed","sticky":false,"template":"","format":"video","meta":{"_monsterinsights_skip_tracking":false,"_monsterinsights_sitenote_active":false,"_monsterinsights_sitenote_note":"","_monsterinsights_sitenote_category":0,"footnotes":""},"categories":[66,5,45],"tags":[],"class_list":["post-189609","post","type-post","status-publish","format-video","has-post-thumbnail","hentry","category-ayoslp","category-destacadas","category-localesyregionales","post_format-post-format-video","post--single"],"_links":{"self":[{"href":"https:\/\/canal7slp.tv\/2026\/wp-json\/wp\/v2\/posts\/189609","targetHints":{"allow":["GET"]}}],"collection":[{"href":"https:\/\/canal7slp.tv\/2026\/wp-json\/wp\/v2\/posts"}],"about":[{"href":"https:\/\/canal7slp.tv\/2026\/wp-json\/wp\/v2\/types\/post"}],"author":[{"embeddable":true,"href":"https:\/\/canal7slp.tv\/2026\/wp-json\/wp\/v2\/users\/2"}],"replies":[{"embeddable":true,"href":"https:\/\/canal7slp.tv\/2026\/wp-json\/wp\/v2\/comments?post=189609"}],"version-history":[{"count":3,"href":"https:\/\/canal7slp.tv\/2026\/wp-json\/wp\/v2\/posts\/189609\/revisions"}],"predecessor-version":[{"id":189670,"href":"https:\/\/canal7slp.tv\/2026\/wp-json\/wp\/v2\/posts\/189609\/revisions\/189670"}],"wp:featuredmedia":[{"embeddable":true,"href":"https:\/\/canal7slp.tv\/2026\/wp-json\/wp\/v2\/media\/189669"}],"wp:attachment":[{"href":"https:\/\/canal7slp.tv\/2026\/wp-json\/wp\/v2\/media?parent=189609"}],"wp:term":[{"taxonomy":"category","embeddable":true,"href":"https:\/\/canal7slp.tv\/2026\/wp-json\/wp\/v2\/categories?post=189609"},{"taxonomy":"post_tag","embeddable":true,"href":"https:\/\/canal7slp.tv\/2026\/wp-json\/wp\/v2\/tags?post=189609"}],"curies":[{"name":"wp","href":"https:\/\/api.w.org\/{rel}","templated":true}]}}