{"id":189579,"date":"2026-01-05T14:19:25","date_gmt":"2026-01-05T20:19:25","guid":{"rendered":"https:\/\/canal7slp.tv\/2026\/?p=189579"},"modified":"2026-01-05T14:19:25","modified_gmt":"2026-01-05T20:19:25","slug":"suiza-congela-activos-de-nicolas-maduro-tras-su-arresto","status":"publish","type":"post","link":"https:\/\/canal7slp.tv\/2026\/suiza-congela-activos-de-nicolas-maduro-tras-su-arresto\/","title":{"rendered":"Suiza congela activos de Nicol\u00e1s Maduro tras su arresto"},"content":{"rendered":"<p style=\"text-align: justify;\">Berna.- El Gobierno de Suiza anunci\u00f3 este lunes la congelaci\u00f3n inmediata de los activos de Nicol\u00e1s Maduro y de personas asociadas a su entorno, como una medida de car\u00e1cter preventivo ante la vol\u00e1til situaci\u00f3n pol\u00edtica en Venezuela, tras el arresto del exmandatario por fuerzas armadas de Estados Unidos.<\/p>\n<p style=\"text-align: justify;\">Las autoridades suizas precisaron que la decisi\u00f3n no afecta a ning\u00fan integrante del actual Gobierno venezolano y tendr\u00e1 una vigencia de cuatro a\u00f1os, con el objetivo de impedir la transferencia fuera de Suiza de activos que pudieran haber sido adquiridos de manera il\u00edcita en el contexto actual.<\/p>\n<p style=\"text-align: justify;\">Suiza aclar\u00f3 que la medida no responde a una evaluaci\u00f3n sobre las causas de la ca\u00edda de Maduro, ni a una determinaci\u00f3n respecto a una posible violaci\u00f3n del derecho internacional. El elemento determinante fue el cambio de poder en Venezuela, lo que abre la posibilidad de que el pa\u00eds de origen inicie procedimientos judiciales relacionados con bienes de presunto origen ilegal.<\/p>\n<p style=\"text-align: justify;\">La congelaci\u00f3n se sustenta en una ley federal suiza que permite bloquear activos de personas extranjeras pol\u00edticamente expuestas cuando existen indicios de que fueron obtenidos mediante corrupci\u00f3n, gesti\u00f3n delictiva u otros delitos graves. En caso de que futuros procesos judiciales confirmen el origen il\u00edcito de los fondos, el gobierno suizo asegur\u00f3 que estos deber\u00e1n destinarse en beneficio del pueblo venezolano.<\/p>\n<p style=\"text-align: justify;\">Finalmente, las autoridades recordaron que, tras el arresto de Maduro, han llamado a la desescalada del conflicto y al respeto del derecho internacional, incluida la prohibici\u00f3n del uso de la fuerza y la preservaci\u00f3n de la integridad territorial. Asimismo, reiteraron su disposici\u00f3n a ofrecer sus buenos oficios diplom\u00e1ticos para contribuir a una soluci\u00f3n pac\u00edfica de la crisis pol\u00edtica en Venezuela.<\/p>\n","protected":false},"excerpt":{"rendered":"<p>Berna.- El Gobierno de Suiza anunci\u00f3 este lunes la congelaci\u00f3n inmediata de los activos de Nicol\u00e1s Maduro y de personas asociadas a su entorno, como una medida de car\u00e1cter preventivo ante la vol\u00e1til situaci\u00f3n pol\u00edtica en Venezuela, tras el arresto del exmandatario por fuerzas armadas de Estados Unidos. Las autoridades suizas precisaron que la decisi\u00f3n no afecta a ning\u00fan integrante del actual Gobierno venezolano y tendr\u00e1 una vigencia de cuatro a\u00f1os, con el objetivo de impedir la transferencia fuera de Suiza de activos que pudieran haber sido adquiridos de manera il\u00edcita en el contexto actual. Suiza aclar\u00f3 que la medida [&hellip;]<\/p>\n","protected":false},"author":2,"featured_media":189580,"comment_status":"closed","ping_status":"closed","sticky":false,"template":"","format":"standard","meta":{"_monsterinsights_skip_tracking":false,"_monsterinsights_sitenote_active":false,"_monsterinsights_sitenote_note":"","_monsterinsights_sitenote_category":0,"footnotes":""},"categories":[40,44],"tags":[],"class_list":["post-189579","post","type-post","status-publish","format-standard","has-post-thumbnail","hentry","category-economia","category-internacional","post--single"],"_links":{"self":[{"href":"https:\/\/canal7slp.tv\/2026\/wp-json\/wp\/v2\/posts\/189579","targetHints":{"allow":["GET"]}}],"collection":[{"href":"https:\/\/canal7slp.tv\/2026\/wp-json\/wp\/v2\/posts"}],"about":[{"href":"https:\/\/canal7slp.tv\/2026\/wp-json\/wp\/v2\/types\/post"}],"author":[{"embeddable":true,"href":"https:\/\/canal7slp.tv\/2026\/wp-json\/wp\/v2\/users\/2"}],"replies":[{"embeddable":true,"href":"https:\/\/canal7slp.tv\/2026\/wp-json\/wp\/v2\/comments?post=189579"}],"version-history":[{"count":1,"href":"https:\/\/canal7slp.tv\/2026\/wp-json\/wp\/v2\/posts\/189579\/revisions"}],"predecessor-version":[{"id":189581,"href":"https:\/\/canal7slp.tv\/2026\/wp-json\/wp\/v2\/posts\/189579\/revisions\/189581"}],"wp:featuredmedia":[{"embeddable":true,"href":"https:\/\/canal7slp.tv\/2026\/wp-json\/wp\/v2\/media\/189580"}],"wp:attachment":[{"href":"https:\/\/canal7slp.tv\/2026\/wp-json\/wp\/v2\/media?parent=189579"}],"wp:term":[{"taxonomy":"category","embeddable":true,"href":"https:\/\/canal7slp.tv\/2026\/wp-json\/wp\/v2\/categories?post=189579"},{"taxonomy":"post_tag","embeddable":true,"href":"https:\/\/canal7slp.tv\/2026\/wp-json\/wp\/v2\/tags?post=189579"}],"curies":[{"name":"wp","href":"https:\/\/api.w.org\/{rel}","templated":true}]}}