{"id":189555,"date":"2026-01-04T20:17:30","date_gmt":"2026-01-05T02:17:30","guid":{"rendered":"https:\/\/canal7slp.tv\/2026\/?p=189555"},"modified":"2026-01-04T20:17:30","modified_gmt":"2026-01-05T02:17:30","slug":"renuncia-jorge-daniel-hernandez-delgadillo-a-la-titularidad-de-interapas","status":"publish","type":"post","link":"https:\/\/canal7slp.tv\/2026\/renuncia-jorge-daniel-hernandez-delgadillo-a-la-titularidad-de-interapas\/","title":{"rendered":"Renuncia Jorge Daniel Hern\u00e1ndez Delgadillo a la titularidad de Interapas"},"content":{"rendered":"<p style=\"text-align: justify;\">SLP.-\u00a0Este fin de semana fue confirmada la renuncia de Jorge Daniel Hern\u00e1ndez Delgadillo como Director General de Interapas -\u00f3rgano cuya Junta de Gobierno encabeza el alcalde de San Luis Potos\u00ed, Enrique Galindo Ceballos-.<\/p>\n<p style=\"text-align: justify;\">De acuerdo con el documento presentado por Hern\u00e1ndez Delgadillo, la determinaci\u00f3n de concluir su responsabilidad, obedece a motivos estrictamente personales y de salud.<\/p>\n<p style=\"text-align: justify;\">Ser\u00eda durante sesi\u00f3n de la Junta, que se d\u00e9 el tr\u00e1mite para determinar lo conducente.<\/p>\n<p style=\"text-align: justify;\">Dado que la renuncia ser\u00eda turnada a dicho \u00f3rgano, est\u00e1 previsto que la sesi\u00f3n se d\u00e9 esta semana.<\/p>\n","protected":false},"excerpt":{"rendered":"<p>SLP.-\u00a0Este fin de semana fue confirmada la renuncia de Jorge Daniel Hern\u00e1ndez Delgadillo como Director General de Interapas -\u00f3rgano cuya Junta de Gobierno encabeza el alcalde de San Luis Potos\u00ed, Enrique Galindo Ceballos-. De acuerdo con el documento presentado por Hern\u00e1ndez Delgadillo, la determinaci\u00f3n de concluir su responsabilidad, obedece a motivos estrictamente personales y de salud. Ser\u00eda durante sesi\u00f3n de la Junta, que se d\u00e9 el tr\u00e1mite para determinar lo conducente. Dado que la renuncia ser\u00eda turnada a dicho \u00f3rgano, est\u00e1 previsto que la sesi\u00f3n se d\u00e9 esta semana.<\/p>\n","protected":false},"author":2,"featured_media":189556,"comment_status":"closed","ping_status":"closed","sticky":false,"template":"","format":"standard","meta":{"_monsterinsights_skip_tracking":false,"_monsterinsights_sitenote_active":false,"_monsterinsights_sitenote_note":"","_monsterinsights_sitenote_category":0,"footnotes":""},"categories":[45],"tags":[],"class_list":["post-189555","post","type-post","status-publish","format-standard","has-post-thumbnail","hentry","category-localesyregionales","post--single"],"_links":{"self":[{"href":"https:\/\/canal7slp.tv\/2026\/wp-json\/wp\/v2\/posts\/189555","targetHints":{"allow":["GET"]}}],"collection":[{"href":"https:\/\/canal7slp.tv\/2026\/wp-json\/wp\/v2\/posts"}],"about":[{"href":"https:\/\/canal7slp.tv\/2026\/wp-json\/wp\/v2\/types\/post"}],"author":[{"embeddable":true,"href":"https:\/\/canal7slp.tv\/2026\/wp-json\/wp\/v2\/users\/2"}],"replies":[{"embeddable":true,"href":"https:\/\/canal7slp.tv\/2026\/wp-json\/wp\/v2\/comments?post=189555"}],"version-history":[{"count":1,"href":"https:\/\/canal7slp.tv\/2026\/wp-json\/wp\/v2\/posts\/189555\/revisions"}],"predecessor-version":[{"id":189557,"href":"https:\/\/canal7slp.tv\/2026\/wp-json\/wp\/v2\/posts\/189555\/revisions\/189557"}],"wp:featuredmedia":[{"embeddable":true,"href":"https:\/\/canal7slp.tv\/2026\/wp-json\/wp\/v2\/media\/189556"}],"wp:attachment":[{"href":"https:\/\/canal7slp.tv\/2026\/wp-json\/wp\/v2\/media?parent=189555"}],"wp:term":[{"taxonomy":"category","embeddable":true,"href":"https:\/\/canal7slp.tv\/2026\/wp-json\/wp\/v2\/categories?post=189555"},{"taxonomy":"post_tag","embeddable":true,"href":"https:\/\/canal7slp.tv\/2026\/wp-json\/wp\/v2\/tags?post=189555"}],"curies":[{"name":"wp","href":"https:\/\/api.w.org\/{rel}","templated":true}]}}