{"id":189540,"date":"2026-01-04T15:42:55","date_gmt":"2026-01-04T21:42:55","guid":{"rendered":"https:\/\/canal7slp.tv\/2026\/?p=189540"},"modified":"2026-01-04T15:42:55","modified_gmt":"2026-01-04T21:42:55","slug":"hallan-sin-vida-en-jalisco-al-empresario-tequilero-adrian-corona","status":"publish","type":"post","link":"https:\/\/canal7slp.tv\/2026\/hallan-sin-vida-en-jalisco-al-empresario-tequilero-adrian-corona\/","title":{"rendered":"Hallan sin vida en Jalisco al empresario tequilero Adri\u00e1n Corona"},"content":{"rendered":"<p style=\"text-align: justify;\">Jalisco.- El empresario tequilero Adri\u00e1n Corona fue hallado sin vida dos d\u00edas despu\u00e9s de haber sido secuestrado, en un hecho que conmocion\u00f3 a la comunidad de Jalisco.<\/p>\n<p style=\"text-align: justify;\">De acuerdo con los primeros reportes, el 27 de diciembre de 2025, Adri\u00e1n Corona viajaba con su familia por la carretera que conduce a Puerto Vallarta cuando fueron interceptados por sujetos armados. Durante el ataque, los agresores despojaron a la familia de su veh\u00edculo, tel\u00e9fonos celulares y otras pertenencias, y se llevaron al empresario.<\/p>\n<p style=\"text-align: justify;\">La Fiscal\u00eda del Estado de Jalisco inform\u00f3 que, durante el tiempo que permaneci\u00f3 privado de la libertad, no se recibi\u00f3 ninguna solicitud de rescate. El 29 de diciembre, el cuerpo de Adri\u00e1n Corona fue localizado a un costado de la carretera, en el municipio de Atenguillo, cerca del lugar donde ocurri\u00f3 la interceptaci\u00f3n.<\/p>\n<p style=\"text-align: justify;\">El cad\u00e1ver presentaba huellas de violencia y al menos un impacto de arma de fuego. Tras concluir las diligencias correspondientes, los restos fueron entregados a la familia para la realizaci\u00f3n de los servicios funerarios.<\/p>\n<p style=\"text-align: justify;\">Jos\u00e9 Adri\u00e1n Corona Radillo era originario de Tonaya y se desempe\u00f1aba como presidente de Grupo Corona, una empresa familiar dedicada a la producci\u00f3n, comercializaci\u00f3n y promoci\u00f3n de tequila y mezcal, con amplio reconocimiento en la regi\u00f3n.<\/p>\n<p style=\"text-align: justify;\">Este domingo 4 de enero, se llev\u00f3 a cabo un homenaje de cuerpo presente en la planta de Grupo Corona, en Tonaya. Posteriormente, sus restos fueron trasladados a la Iglesia de Nuestra Se\u00f1ora de la Asunci\u00f3n, donde se celebr\u00f3 una misa, para finalmente ser sepultados en el cementerio municipal.<\/p>\n","protected":false},"excerpt":{"rendered":"<p>Jalisco.- El empresario tequilero Adri\u00e1n Corona fue hallado sin vida dos d\u00edas despu\u00e9s de haber sido secuestrado, en un hecho que conmocion\u00f3 a la comunidad de Jalisco. De acuerdo con los primeros reportes, el 27 de diciembre de 2025, Adri\u00e1n Corona viajaba con su familia por la carretera que conduce a Puerto Vallarta cuando fueron interceptados por sujetos armados. Durante el ataque, los agresores despojaron a la familia de su veh\u00edculo, tel\u00e9fonos celulares y otras pertenencias, y se llevaron al empresario. La Fiscal\u00eda del Estado de Jalisco inform\u00f3 que, durante el tiempo que permaneci\u00f3 privado de la libertad, no se [&hellip;]<\/p>\n","protected":false},"author":2,"featured_media":189542,"comment_status":"closed","ping_status":"closed","sticky":false,"template":"","format":"standard","meta":{"_monsterinsights_skip_tracking":false,"_monsterinsights_sitenote_active":false,"_monsterinsights_sitenote_note":"","_monsterinsights_sitenote_category":0,"footnotes":""},"categories":[46],"tags":[],"class_list":["post-189540","post","type-post","status-publish","format-standard","has-post-thumbnail","hentry","category-nacional","post--single"],"_links":{"self":[{"href":"https:\/\/canal7slp.tv\/2026\/wp-json\/wp\/v2\/posts\/189540","targetHints":{"allow":["GET"]}}],"collection":[{"href":"https:\/\/canal7slp.tv\/2026\/wp-json\/wp\/v2\/posts"}],"about":[{"href":"https:\/\/canal7slp.tv\/2026\/wp-json\/wp\/v2\/types\/post"}],"author":[{"embeddable":true,"href":"https:\/\/canal7slp.tv\/2026\/wp-json\/wp\/v2\/users\/2"}],"replies":[{"embeddable":true,"href":"https:\/\/canal7slp.tv\/2026\/wp-json\/wp\/v2\/comments?post=189540"}],"version-history":[{"count":1,"href":"https:\/\/canal7slp.tv\/2026\/wp-json\/wp\/v2\/posts\/189540\/revisions"}],"predecessor-version":[{"id":189543,"href":"https:\/\/canal7slp.tv\/2026\/wp-json\/wp\/v2\/posts\/189540\/revisions\/189543"}],"wp:featuredmedia":[{"embeddable":true,"href":"https:\/\/canal7slp.tv\/2026\/wp-json\/wp\/v2\/media\/189542"}],"wp:attachment":[{"href":"https:\/\/canal7slp.tv\/2026\/wp-json\/wp\/v2\/media?parent=189540"}],"wp:term":[{"taxonomy":"category","embeddable":true,"href":"https:\/\/canal7slp.tv\/2026\/wp-json\/wp\/v2\/categories?post=189540"},{"taxonomy":"post_tag","embeddable":true,"href":"https:\/\/canal7slp.tv\/2026\/wp-json\/wp\/v2\/tags?post=189540"}],"curies":[{"name":"wp","href":"https:\/\/api.w.org\/{rel}","templated":true}]}}