{"id":189515,"date":"2026-01-04T10:24:39","date_gmt":"2026-01-04T16:24:39","guid":{"rendered":"https:\/\/canal7slp.tv\/2026\/?p=189515"},"modified":"2026-01-04T10:24:39","modified_gmt":"2026-01-04T16:24:39","slug":"tsj-designa-a-delcy-rodriguez-como-presidenta-encargada-de-venezuela","status":"publish","type":"post","link":"https:\/\/canal7slp.tv\/2026\/tsj-designa-a-delcy-rodriguez-como-presidenta-encargada-de-venezuela\/","title":{"rendered":"TSJ designa a Delcy Rodr\u00edguez como presidenta encargada de Venezuela"},"content":{"rendered":"<p style=\"text-align: justify;\">Caracas.- El Tribunal Supremo de Justicia (TSJ) de Venezuela inform\u00f3 este s\u00e1bado que la vicepresidenta ejecutiva, Delcy Rodr\u00edguez, asumir\u00e1 la presidencia encargada del pa\u00eds, tras la captura del mandatario Nicol\u00e1s Maduro por fuerzas de Estados Unidos durante un operativo militar realizado en la madrugada.<\/p>\n<p style=\"text-align: justify;\">En un comunicado oficial, le\u00eddo por la presidenta de la Sala Constitucional, Tania D\u2019Amelio, y transmitido en cadena de radio y televisi\u00f3n, el m\u00e1ximo tribunal se\u00f1al\u00f3 que la decisi\u00f3n tiene como objetivo garantizar la continuidad institucional y la estabilidad administrativa del Estado venezolano.<\/p>\n<p style=\"text-align: justify;\">D\u2019Amelio indic\u00f3 que el TSJ ordena a Delcy Rodr\u00edguez ejercer plenamente las atribuciones, competencias y deberes inherentes al cargo de presidenta de la Rep\u00fablica Bolivariana de Venezuela, en el marco de la actual crisis pol\u00edtica y de seguridad que atraviesa el pa\u00eds.<\/p>\n<p style=\"text-align: justify;\">El tribunal subray\u00f3 que esta medida busca preservar el funcionamiento de las instituciones p\u00fablicas, asegurar la defensa integral de la naci\u00f3n y evitar un vac\u00edo de poder tras la detenci\u00f3n del jefe del Ejecutivo.<\/p>\n","protected":false},"excerpt":{"rendered":"<p>Caracas.- El Tribunal Supremo de Justicia (TSJ) de Venezuela inform\u00f3 este s\u00e1bado que la vicepresidenta ejecutiva, Delcy Rodr\u00edguez, asumir\u00e1 la presidencia encargada del pa\u00eds, tras la captura del mandatario Nicol\u00e1s Maduro por fuerzas de Estados Unidos durante un operativo militar realizado en la madrugada. En un comunicado oficial, le\u00eddo por la presidenta de la Sala Constitucional, Tania D\u2019Amelio, y transmitido en cadena de radio y televisi\u00f3n, el m\u00e1ximo tribunal se\u00f1al\u00f3 que la decisi\u00f3n tiene como objetivo garantizar la continuidad institucional y la estabilidad administrativa del Estado venezolano. D\u2019Amelio indic\u00f3 que el TSJ ordena a Delcy Rodr\u00edguez ejercer plenamente las atribuciones, [&hellip;]<\/p>\n","protected":false},"author":2,"featured_media":189516,"comment_status":"closed","ping_status":"closed","sticky":false,"template":"","format":"standard","meta":{"_monsterinsights_skip_tracking":false,"_monsterinsights_sitenote_active":false,"_monsterinsights_sitenote_note":"","_monsterinsights_sitenote_category":0,"footnotes":""},"categories":[44],"tags":[],"class_list":["post-189515","post","type-post","status-publish","format-standard","has-post-thumbnail","hentry","category-internacional","post--single"],"_links":{"self":[{"href":"https:\/\/canal7slp.tv\/2026\/wp-json\/wp\/v2\/posts\/189515","targetHints":{"allow":["GET"]}}],"collection":[{"href":"https:\/\/canal7slp.tv\/2026\/wp-json\/wp\/v2\/posts"}],"about":[{"href":"https:\/\/canal7slp.tv\/2026\/wp-json\/wp\/v2\/types\/post"}],"author":[{"embeddable":true,"href":"https:\/\/canal7slp.tv\/2026\/wp-json\/wp\/v2\/users\/2"}],"replies":[{"embeddable":true,"href":"https:\/\/canal7slp.tv\/2026\/wp-json\/wp\/v2\/comments?post=189515"}],"version-history":[{"count":1,"href":"https:\/\/canal7slp.tv\/2026\/wp-json\/wp\/v2\/posts\/189515\/revisions"}],"predecessor-version":[{"id":189517,"href":"https:\/\/canal7slp.tv\/2026\/wp-json\/wp\/v2\/posts\/189515\/revisions\/189517"}],"wp:featuredmedia":[{"embeddable":true,"href":"https:\/\/canal7slp.tv\/2026\/wp-json\/wp\/v2\/media\/189516"}],"wp:attachment":[{"href":"https:\/\/canal7slp.tv\/2026\/wp-json\/wp\/v2\/media?parent=189515"}],"wp:term":[{"taxonomy":"category","embeddable":true,"href":"https:\/\/canal7slp.tv\/2026\/wp-json\/wp\/v2\/categories?post=189515"},{"taxonomy":"post_tag","embeddable":true,"href":"https:\/\/canal7slp.tv\/2026\/wp-json\/wp\/v2\/tags?post=189515"}],"curies":[{"name":"wp","href":"https:\/\/api.w.org\/{rel}","templated":true}]}}