{"id":189490,"date":"2026-01-03T13:37:53","date_gmt":"2026-01-03T19:37:53","guid":{"rendered":"https:\/\/canal7slp.tv\/2026\/?p=189490"},"modified":"2026-01-03T13:37:53","modified_gmt":"2026-01-03T19:37:53","slug":"ernestina-godoy-designa-a-ulises-lara-como-titular-de-la-fiscalia-especial-en-investigacion-de-asuntos-relevantes","status":"publish","type":"post","link":"https:\/\/canal7slp.tv\/2026\/ernestina-godoy-designa-a-ulises-lara-como-titular-de-la-fiscalia-especial-en-investigacion-de-asuntos-relevantes\/","title":{"rendered":"Ernestina Godoy designa a Ulises Lara como titular de la Fiscal\u00eda Especial en Investigaci\u00f3n de Asuntos Relevantes"},"content":{"rendered":"<p style=\"text-align: justify;\">M\u00e9xico.- La fiscal general de la Rep\u00fablica, Ernestina Godoy Ramos, design\u00f3 a Ulises Lara L\u00f3pez como titular de la Fiscal\u00eda Especial en Investigaci\u00f3n de Asuntos Relevantes de la Fiscal\u00eda General de la Rep\u00fablica (FGR), como parte del proceso de reestructuraci\u00f3n interna de la instituci\u00f3n.<\/p>\n<p style=\"text-align: justify;\">Tras su nombramiento, Lara L\u00f3pez agradeci\u00f3 la confianza y se comprometi\u00f3 a desempe\u00f1ar el cargo con apego a la legalidad y en favor de la justicia, a trav\u00e9s de un mensaje difundido en redes sociales.<\/p>\n<p style=\"text-align: justify;\">Ulises Lara asumi\u00f3 formalmente el cargo el 29 de diciembre de 2025, en sustituci\u00f3n de Manuel Granados Quiroz. Previamente, se desempe\u00f1\u00f3 como encargado de despacho de la Fiscal\u00eda General de Justicia de la Ciudad de M\u00e9xico (FGJ-CDMX), luego de que Ernestina Godoy no fuera ratificada por el Congreso local para continuar al frente de esa instituci\u00f3n.<\/p>\n<p style=\"text-align: justify;\">La Fiscal\u00eda Especializada en Investigaci\u00f3n de Asuntos Relevantes tiene como funci\u00f3n investigar delitos y fen\u00f3menos delictivos de competencia federal que, por su trascendencia, son asignados directamente por la titular de la FGR o por la Fiscal\u00eda Especializada de Control Competencial. El \u00e1rea da seguimiento a casos de alto impacto y relevancia nacional.<\/p>\n<p style=\"text-align: justify;\">El nombramiento se da en el marco de una reconfiguraci\u00f3n de \u00e1reas estrat\u00e9gicas de la FGR, impulsada tras la salida de Alejandro Gertz Manero. Entre los nuevos titulares destacan C\u00e9sar Oliveros Aparicio, al frente de la Fiscal\u00eda Especializada en Materia de Delincuencia Organizada, y H\u00e9ctor Elizalde Mora, como responsable de la Agencia de Investigaci\u00f3n Criminal.<\/p>\n<p style=\"text-align: justify;\">Lara L\u00f3pez mantiene una relaci\u00f3n profesional cercana con Godoy Ramos. En enero de 2024, asumi\u00f3 de manera interina la Fiscal\u00eda capitalina tras la no ratificaci\u00f3n de la entonces fiscal. Su paso por el cargo estuvo marcado por controversias p\u00fablicas, entre ellas la obtenci\u00f3n acelerada de su t\u00edtulo en Derecho y un episodio ocurrido en agosto de 2024, cuando intervino durante un operativo de la Fiscal\u00eda Anticorrupci\u00f3n de Chihuahua que deriv\u00f3 en la no detenci\u00f3n del senador Javier Corral Jurado.<\/p>\n<p style=\"text-align: justify;\">La llegada de Ulises Lara a la Fiscal\u00eda de Asuntos Relevantes ocurre en un contexto de ajustes estrat\u00e9gicos dentro de la FGR, con el objetivo de fortalecer su estructura operativa y mejorar la atenci\u00f3n de expedientes de alto perfil a nivel nacional.<\/p>\n","protected":false},"excerpt":{"rendered":"<p>M\u00e9xico.- La fiscal general de la Rep\u00fablica, Ernestina Godoy Ramos, design\u00f3 a Ulises Lara L\u00f3pez como titular de la Fiscal\u00eda Especial en Investigaci\u00f3n de Asuntos Relevantes de la Fiscal\u00eda General de la Rep\u00fablica (FGR), como parte del proceso de reestructuraci\u00f3n interna de la instituci\u00f3n. Tras su nombramiento, Lara L\u00f3pez agradeci\u00f3 la confianza y se comprometi\u00f3 a desempe\u00f1ar el cargo con apego a la legalidad y en favor de la justicia, a trav\u00e9s de un mensaje difundido en redes sociales. Ulises Lara asumi\u00f3 formalmente el cargo el 29 de diciembre de 2025, en sustituci\u00f3n de Manuel Granados Quiroz. Previamente, se desempe\u00f1\u00f3 [&hellip;]<\/p>\n","protected":false},"author":2,"featured_media":189491,"comment_status":"closed","ping_status":"closed","sticky":false,"template":"","format":"standard","meta":{"_monsterinsights_skip_tracking":false,"_monsterinsights_sitenote_active":false,"_monsterinsights_sitenote_note":"","_monsterinsights_sitenote_category":0,"footnotes":""},"categories":[46],"tags":[],"class_list":["post-189490","post","type-post","status-publish","format-standard","has-post-thumbnail","hentry","category-nacional","post--single"],"_links":{"self":[{"href":"https:\/\/canal7slp.tv\/2026\/wp-json\/wp\/v2\/posts\/189490","targetHints":{"allow":["GET"]}}],"collection":[{"href":"https:\/\/canal7slp.tv\/2026\/wp-json\/wp\/v2\/posts"}],"about":[{"href":"https:\/\/canal7slp.tv\/2026\/wp-json\/wp\/v2\/types\/post"}],"author":[{"embeddable":true,"href":"https:\/\/canal7slp.tv\/2026\/wp-json\/wp\/v2\/users\/2"}],"replies":[{"embeddable":true,"href":"https:\/\/canal7slp.tv\/2026\/wp-json\/wp\/v2\/comments?post=189490"}],"version-history":[{"count":1,"href":"https:\/\/canal7slp.tv\/2026\/wp-json\/wp\/v2\/posts\/189490\/revisions"}],"predecessor-version":[{"id":189492,"href":"https:\/\/canal7slp.tv\/2026\/wp-json\/wp\/v2\/posts\/189490\/revisions\/189492"}],"wp:featuredmedia":[{"embeddable":true,"href":"https:\/\/canal7slp.tv\/2026\/wp-json\/wp\/v2\/media\/189491"}],"wp:attachment":[{"href":"https:\/\/canal7slp.tv\/2026\/wp-json\/wp\/v2\/media?parent=189490"}],"wp:term":[{"taxonomy":"category","embeddable":true,"href":"https:\/\/canal7slp.tv\/2026\/wp-json\/wp\/v2\/categories?post=189490"},{"taxonomy":"post_tag","embeddable":true,"href":"https:\/\/canal7slp.tv\/2026\/wp-json\/wp\/v2\/tags?post=189490"}],"curies":[{"name":"wp","href":"https:\/\/api.w.org\/{rel}","templated":true}]}}