{"id":189484,"date":"2026-01-03T13:10:48","date_gmt":"2026-01-03T19:10:48","guid":{"rendered":"https:\/\/canal7slp.tv\/2026\/?p=189484"},"modified":"2026-01-03T13:12:25","modified_gmt":"2026-01-03T19:12:25","slug":"sep-anuncia-reforma-administrativa-y-digital-para-mejorar-la-educacion-media-superior","status":"publish","type":"post","link":"https:\/\/canal7slp.tv\/2026\/sep-anuncia-reforma-administrativa-y-digital-para-mejorar-la-educacion-media-superior\/","title":{"rendered":"SEP anuncia reforma administrativa y digital para mejorar la educaci\u00f3n media superior"},"content":{"rendered":"<p style=\"text-align: justify;\">M\u00e9xico.- El titular de la Secretar\u00eda de Educaci\u00f3n P\u00fablica (SEP), Mario Delgado, anunci\u00f3 que en 2026 se llevar\u00e1 a cabo una reforma administrativa y digital en la educaci\u00f3n media superior en M\u00e9xico, con el objetivo de mejorar la atenci\u00f3n a los estudiantes, fortalecer su aprendizaje y garantizar su permanencia en las escuelas.<\/p>\n<p style=\"text-align: justify;\">En un comunicado, Delgado indic\u00f3 que este a\u00f1o se revisar\u00e1 el Convenio Marco de Coordinaci\u00f3n con las entidades federativas, el cual no se ha actualizado desde 2009. Esta revisi\u00f3n busca establecer una correlaci\u00f3n clara entre los niveles estatal y nacional en la prestaci\u00f3n de servicios educativos.<\/p>\n<p style=\"text-align: justify;\">Asimismo, se\u00f1al\u00f3 que se est\u00e1 trabajando en la modernizaci\u00f3n de las reglas de registro escolar del bachillerato para crear un sistema inform\u00e1tico nacional que unifique la gesti\u00f3n de matr\u00edcula, procesos de ingreso y egreso, as\u00ed como la expedici\u00f3n del certificado \u00fanico de educaci\u00f3n media superior. Tambi\u00e9n se est\u00e1n actualizando las normas sobre la portabilidad de estudios, permitiendo a los estudiantes trasladarse entre instituciones y actualizar su formaci\u00f3n de manera efectiva.<\/p>\n<p style=\"text-align: justify;\">En el \u00e1mbito administrativo, la SEP busca simplificar la solicitud de documentos para los estudiantes, evitando la repetici\u00f3n de tr\u00e1mites entre los niveles federal y local, y estableciendo mecanismos de verificaci\u00f3n interna de documentos. Esto incluye la eliminaci\u00f3n de la legalizaci\u00f3n de certificados estatales y la reducci\u00f3n de condicionamientos para la reinscripci\u00f3n basados en materias reprobadas.<\/p>\n<p style=\"text-align: justify;\">La subsecretaria de Educaci\u00f3n Media Superior, Tania Rodr\u00edguez Mora, destac\u00f3 que las materias reprobadas son un factor significativo en la expulsi\u00f3n de estudiantes, y que se pretende revertir esta situaci\u00f3n mediante un criterio nacional. Adem\u00e1s, se ampliar\u00e1n los plazos de inscripci\u00f3n y entrega de documentaci\u00f3n, como los certificados de secundaria, para facilitar la gesti\u00f3n escolar.<\/p>\n<p style=\"text-align: justify;\">Rodr\u00edguez Mora enfatiz\u00f3 la importancia de la coordinaci\u00f3n entre la SEP y las autoridades educativas estatales para construir una plataforma nacional de gesti\u00f3n y registro en la educaci\u00f3n media superior, lo que permitir\u00e1 un mejor seguimiento del sector. Se est\u00e1 revisando el marco jur\u00eddico para hacerlo m\u00e1s \u00e1gil y din\u00e1mico mediante el uso de nuevas tecnolog\u00edas, con el apoyo de todas las autoridades educativas.<\/p>\n","protected":false},"excerpt":{"rendered":"<p>M\u00e9xico.- El titular de la Secretar\u00eda de Educaci\u00f3n P\u00fablica (SEP), Mario Delgado, anunci\u00f3 que en 2026 se llevar\u00e1 a cabo una reforma administrativa y digital en la educaci\u00f3n media superior en M\u00e9xico, con el objetivo de mejorar la atenci\u00f3n a los estudiantes, fortalecer su aprendizaje y garantizar su permanencia en las escuelas. En un comunicado, Delgado indic\u00f3 que este a\u00f1o se revisar\u00e1 el Convenio Marco de Coordinaci\u00f3n con las entidades federativas, el cual no se ha actualizado desde 2009. Esta revisi\u00f3n busca establecer una correlaci\u00f3n clara entre los niveles estatal y nacional en la prestaci\u00f3n de servicios educativos. Asimismo, se\u00f1al\u00f3 [&hellip;]<\/p>\n","protected":false},"author":2,"featured_media":189485,"comment_status":"closed","ping_status":"closed","sticky":false,"template":"","format":"standard","meta":{"_monsterinsights_skip_tracking":false,"_monsterinsights_sitenote_active":false,"_monsterinsights_sitenote_note":"","_monsterinsights_sitenote_category":0,"footnotes":""},"categories":[46],"tags":[],"class_list":["post-189484","post","type-post","status-publish","format-standard","has-post-thumbnail","hentry","category-nacional","post--single"],"_links":{"self":[{"href":"https:\/\/canal7slp.tv\/2026\/wp-json\/wp\/v2\/posts\/189484","targetHints":{"allow":["GET"]}}],"collection":[{"href":"https:\/\/canal7slp.tv\/2026\/wp-json\/wp\/v2\/posts"}],"about":[{"href":"https:\/\/canal7slp.tv\/2026\/wp-json\/wp\/v2\/types\/post"}],"author":[{"embeddable":true,"href":"https:\/\/canal7slp.tv\/2026\/wp-json\/wp\/v2\/users\/2"}],"replies":[{"embeddable":true,"href":"https:\/\/canal7slp.tv\/2026\/wp-json\/wp\/v2\/comments?post=189484"}],"version-history":[{"count":1,"href":"https:\/\/canal7slp.tv\/2026\/wp-json\/wp\/v2\/posts\/189484\/revisions"}],"predecessor-version":[{"id":189486,"href":"https:\/\/canal7slp.tv\/2026\/wp-json\/wp\/v2\/posts\/189484\/revisions\/189486"}],"wp:featuredmedia":[{"embeddable":true,"href":"https:\/\/canal7slp.tv\/2026\/wp-json\/wp\/v2\/media\/189485"}],"wp:attachment":[{"href":"https:\/\/canal7slp.tv\/2026\/wp-json\/wp\/v2\/media?parent=189484"}],"wp:term":[{"taxonomy":"category","embeddable":true,"href":"https:\/\/canal7slp.tv\/2026\/wp-json\/wp\/v2\/categories?post=189484"},{"taxonomy":"post_tag","embeddable":true,"href":"https:\/\/canal7slp.tv\/2026\/wp-json\/wp\/v2\/tags?post=189484"}],"curies":[{"name":"wp","href":"https:\/\/api.w.org\/{rel}","templated":true}]}}