{"id":189475,"date":"2026-01-03T12:48:43","date_gmt":"2026-01-03T18:48:43","guid":{"rendered":"https:\/\/canal7slp.tv\/2026\/?p=189475"},"modified":"2026-01-03T12:48:43","modified_gmt":"2026-01-03T18:48:43","slug":"machado-parisca-celebra-captura-de-maduro-y-llama-a-la-transicion","status":"publish","type":"post","link":"https:\/\/canal7slp.tv\/2026\/machado-parisca-celebra-captura-de-maduro-y-llama-a-la-transicion\/","title":{"rendered":"Machado Parisca celebra captura de Maduro y llama a la transici\u00f3n"},"content":{"rendered":"<p style=\"text-align: justify;\">Caracas.- La dirigente opositora venezolana Mar\u00eda Corina Machado Parisca reaccion\u00f3 a la captura de Nicol\u00e1s Maduro, calificando el hecho como \u201cla hora de la libertad\u201d para Venezuela y asegurando que el exmandatario ahora enfrenta a la justicia internacional por presuntos cr\u00edmenes.<\/p>\n<p style=\"text-align: justify;\">En un comunicado, Machado sostuvo que, tras rechazar reiteradamente una salida negociada, el r\u00e9gimen de Maduro forz\u00f3 la intervenci\u00f3n de Estados Unidos, que, dijo, actu\u00f3 para \u201chacer valer la ley\u201d. Afirm\u00f3 que el pa\u00eds entra en una nueva etapa y llam\u00f3 a los venezolanos a mantenerse organizados, vigilantes y unidos para consolidar una transici\u00f3n democr\u00e1tica.<\/p>\n<p style=\"text-align: justify;\">La l\u00edder opositora se comprometi\u00f3 a impulsar la liberaci\u00f3n de los presos pol\u00edticos, la reconstrucci\u00f3n institucional, y el retorno de millones de migrantes venezolanos. Adem\u00e1s, reiter\u00f3 su respaldo a Edmundo Gonz\u00e1lez Urrutia, a quien reconoci\u00f3 como el \u201cleg\u00edtimo presidente\u201d, exigiendo que sea reconocido tambi\u00e9n como comandante en jefe de la Fuerza Armada Nacional.<\/p>\n<p style=\"text-align: justify;\">Desde el oficialismo, la vicepresidenta Delcy Rodr\u00edguez confirm\u00f3 la detenci\u00f3n de Maduro y de Cilia Flores, y exigi\u00f3 al gobierno de Donald Trump una \u201cprueba de vida\u201d de ambos.<\/p>\n<p style=\"text-align: justify;\">Por su parte, el ministro Diosdado Cabello reapareci\u00f3 en un video difundido en redes sociales, en el que llam\u00f3 a la poblaci\u00f3n a mantener la calma y a \u201cno facilitarle las cosas al enemigo terrorista\u201d, asegurando que las fuerzas leales al gobierno contin\u00faan desplegadas en el pa\u00eds.<\/p>\n","protected":false},"excerpt":{"rendered":"<p>Caracas.- La dirigente opositora venezolana Mar\u00eda Corina Machado Parisca reaccion\u00f3 a la captura de Nicol\u00e1s Maduro, calificando el hecho como \u201cla hora de la libertad\u201d para Venezuela y asegurando que el exmandatario ahora enfrenta a la justicia internacional por presuntos cr\u00edmenes. En un comunicado, Machado sostuvo que, tras rechazar reiteradamente una salida negociada, el r\u00e9gimen de Maduro forz\u00f3 la intervenci\u00f3n de Estados Unidos, que, dijo, actu\u00f3 para \u201chacer valer la ley\u201d. Afirm\u00f3 que el pa\u00eds entra en una nueva etapa y llam\u00f3 a los venezolanos a mantenerse organizados, vigilantes y unidos para consolidar una transici\u00f3n democr\u00e1tica. La l\u00edder opositora se [&hellip;]<\/p>\n","protected":false},"author":2,"featured_media":189476,"comment_status":"closed","ping_status":"closed","sticky":false,"template":"","format":"standard","meta":{"_monsterinsights_skip_tracking":false,"_monsterinsights_sitenote_active":false,"_monsterinsights_sitenote_note":"","_monsterinsights_sitenote_category":0,"footnotes":""},"categories":[44],"tags":[],"class_list":["post-189475","post","type-post","status-publish","format-standard","has-post-thumbnail","hentry","category-internacional","post--single"],"_links":{"self":[{"href":"https:\/\/canal7slp.tv\/2026\/wp-json\/wp\/v2\/posts\/189475","targetHints":{"allow":["GET"]}}],"collection":[{"href":"https:\/\/canal7slp.tv\/2026\/wp-json\/wp\/v2\/posts"}],"about":[{"href":"https:\/\/canal7slp.tv\/2026\/wp-json\/wp\/v2\/types\/post"}],"author":[{"embeddable":true,"href":"https:\/\/canal7slp.tv\/2026\/wp-json\/wp\/v2\/users\/2"}],"replies":[{"embeddable":true,"href":"https:\/\/canal7slp.tv\/2026\/wp-json\/wp\/v2\/comments?post=189475"}],"version-history":[{"count":1,"href":"https:\/\/canal7slp.tv\/2026\/wp-json\/wp\/v2\/posts\/189475\/revisions"}],"predecessor-version":[{"id":189477,"href":"https:\/\/canal7slp.tv\/2026\/wp-json\/wp\/v2\/posts\/189475\/revisions\/189477"}],"wp:featuredmedia":[{"embeddable":true,"href":"https:\/\/canal7slp.tv\/2026\/wp-json\/wp\/v2\/media\/189476"}],"wp:attachment":[{"href":"https:\/\/canal7slp.tv\/2026\/wp-json\/wp\/v2\/media?parent=189475"}],"wp:term":[{"taxonomy":"category","embeddable":true,"href":"https:\/\/canal7slp.tv\/2026\/wp-json\/wp\/v2\/categories?post=189475"},{"taxonomy":"post_tag","embeddable":true,"href":"https:\/\/canal7slp.tv\/2026\/wp-json\/wp\/v2\/tags?post=189475"}],"curies":[{"name":"wp","href":"https:\/\/api.w.org\/{rel}","templated":true}]}}