{"id":189405,"date":"2026-01-02T16:44:57","date_gmt":"2026-01-02T22:44:57","guid":{"rendered":"https:\/\/canal7slp.tv\/2026\/?p=189405"},"modified":"2026-01-02T16:44:57","modified_gmt":"2026-01-02T22:44:57","slug":"cobro-del-predial-2026-arranca-sin-filas-extensas-en-la-capital-potosina","status":"publish","type":"post","link":"https:\/\/canal7slp.tv\/2026\/cobro-del-predial-2026-arranca-sin-filas-extensas-en-la-capital-potosina\/","title":{"rendered":"Cobro del predial 2026 arranca sin filas extensas en la capital potosina"},"content":{"rendered":"<p style=\"text-align: justify;\"><span style=\"font-size: 1.21429rem;\">SLP.- El inicio del cobro del impuesto predial 2026 en la capital potosina transcurri\u00f3 sin complicaciones para la ciudadan\u00eda, con una asistencia constante pero manejable en los distintos puntos de recaudaci\u00f3n.<\/span><\/p>\n<p style=\"text-align: justify;\">En la Unidad Administrativa Municipal se observ\u00f3 movimiento continuo de contribuyentes, aunque sin acumulaciones prolongadas ni filas extensas.<\/p>\n<p style=\"text-align: justify;\">Afirman que una de las razones que permitir\u00e1 mantener una jornada fluida en los pr\u00f3ximos d\u00edas es la ampliaci\u00f3n de opciones para realizar el pago fuera de oficinas municipales.<\/p>\n<p style=\"text-align: justify;\">Tambi\u00e9n porque se habilit\u00f3 un esquema bancarizado que canaliza la recaudaci\u00f3n a trav\u00e9s de diversos instituciones lo que reduce la necesidad de acudir directamente a edificios gubernamentales.<\/p>\n<p style=\"text-align: justify;\">A todo ello se le suma la aplicaci\u00f3n de est\u00edmulos fiscales vigentes durante el primer mes del a\u00f1o, entre ellos un descuento general del 15 por ciento por pronto pago, as\u00ed como un beneficio del 50 por ciento dirigido a adultos mayores, personas con discapacidad y poblaci\u00f3n perteneciente a pueblos originarios.<\/p>\n<p style=\"text-align: justify;\">Adem\u00e1s de la Unidad Administrativa Municipal, el cobro se mantiene activo en distintos puntos distribuidos en la ciudad, como oficinas ubicadas en Hern\u00e1n Cort\u00e9s, Zen\u00f3n Fern\u00e1ndez y Mariano Jim\u00e9nez.<\/p>\n<p style=\"text-align: justify;\">Se puede acudir a las oficinas ubicadas en Palacio Municipal, el cementerio de El Saucito, Centro Uni\u00f3n, Parqu\u00edmetros, los mercados Rep\u00fablica y Revoluci\u00f3n, la Comandancia Horizontes, as\u00ed como en las delegaciones de La Pila y Bocas.<\/p>\n<p style=\"text-align: justify;\">De manera complementaria, se instalaron cajas m\u00f3viles en plazas comerciales ubicadas sobre la carretera 57, en la Avenida Nereo Rodr\u00edguez Barrag\u00e1n de la Colonia del Valle y en el Boulevard Rocha Cordero de Lomas del Tecnol\u00f3gico.<\/p>\n<p>Por: Jos\u00e9 Luis V\u00e1zquez<\/p>\n","protected":false},"excerpt":{"rendered":"<p>SLP.- El inicio del cobro del impuesto predial 2026 en la capital potosina transcurri\u00f3 sin complicaciones para la ciudadan\u00eda, con una asistencia constante pero manejable en los distintos puntos de recaudaci\u00f3n. En la Unidad Administrativa Municipal se observ\u00f3 movimiento continuo de contribuyentes, aunque sin acumulaciones prolongadas ni filas extensas. Afirman que una de las razones que permitir\u00e1 mantener una jornada fluida en los pr\u00f3ximos d\u00edas es la ampliaci\u00f3n de opciones para realizar el pago fuera de oficinas municipales. Tambi\u00e9n porque se habilit\u00f3 un esquema bancarizado que canaliza la recaudaci\u00f3n a trav\u00e9s de diversos instituciones lo que reduce la necesidad de [&hellip;]<\/p>\n","protected":false},"author":2,"featured_media":189407,"comment_status":"closed","ping_status":"closed","sticky":false,"template":"","format":"video","meta":{"_monsterinsights_skip_tracking":false,"_monsterinsights_sitenote_active":false,"_monsterinsights_sitenote_note":"","_monsterinsights_sitenote_category":0,"footnotes":""},"categories":[66,5,45],"tags":[],"class_list":["post-189405","post","type-post","status-publish","format-video","has-post-thumbnail","hentry","category-ayoslp","category-destacadas","category-localesyregionales","post_format-post-format-video","post--single"],"_links":{"self":[{"href":"https:\/\/canal7slp.tv\/2026\/wp-json\/wp\/v2\/posts\/189405","targetHints":{"allow":["GET"]}}],"collection":[{"href":"https:\/\/canal7slp.tv\/2026\/wp-json\/wp\/v2\/posts"}],"about":[{"href":"https:\/\/canal7slp.tv\/2026\/wp-json\/wp\/v2\/types\/post"}],"author":[{"embeddable":true,"href":"https:\/\/canal7slp.tv\/2026\/wp-json\/wp\/v2\/users\/2"}],"replies":[{"embeddable":true,"href":"https:\/\/canal7slp.tv\/2026\/wp-json\/wp\/v2\/comments?post=189405"}],"version-history":[{"count":1,"href":"https:\/\/canal7slp.tv\/2026\/wp-json\/wp\/v2\/posts\/189405\/revisions"}],"predecessor-version":[{"id":189408,"href":"https:\/\/canal7slp.tv\/2026\/wp-json\/wp\/v2\/posts\/189405\/revisions\/189408"}],"wp:featuredmedia":[{"embeddable":true,"href":"https:\/\/canal7slp.tv\/2026\/wp-json\/wp\/v2\/media\/189407"}],"wp:attachment":[{"href":"https:\/\/canal7slp.tv\/2026\/wp-json\/wp\/v2\/media?parent=189405"}],"wp:term":[{"taxonomy":"category","embeddable":true,"href":"https:\/\/canal7slp.tv\/2026\/wp-json\/wp\/v2\/categories?post=189405"},{"taxonomy":"post_tag","embeddable":true,"href":"https:\/\/canal7slp.tv\/2026\/wp-json\/wp\/v2\/tags?post=189405"}],"curies":[{"name":"wp","href":"https:\/\/api.w.org\/{rel}","templated":true}]}}