{"id":189375,"date":"2026-01-02T14:59:23","date_gmt":"2026-01-02T20:59:23","guid":{"rendered":"https:\/\/canal7slp.tv\/2026\/?p=189375"},"modified":"2026-01-02T14:59:23","modified_gmt":"2026-01-02T20:59:23","slug":"la-carrera-juntos-avanzamos-modifica-fecha-al-domingo-1-de-febrero","status":"publish","type":"post","link":"https:\/\/canal7slp.tv\/2026\/la-carrera-juntos-avanzamos-modifica-fecha-al-domingo-1-de-febrero\/","title":{"rendered":"La Carrera Juntos Avanzamos modifica fecha al domingo 1 de febrero"},"content":{"rendered":"<p style=\"text-align: justify;\">SLP.- Se dio a conocer que la sexta edici\u00f3n de la Carrera Juntos Avanzamos 2026 se llevar\u00e1 a cabo el domingo 1 de febrero de 2026, teniendo como sede La Arena Potos\u00ed.<\/p>\n<p style=\"text-align: justify;\">La Carrera Juntos Avanzamos es una carrera con causa. Al inscribirse, cada participante contribuye directamente a que los programas de capacitaci\u00f3n laboral para personas con discapacidad que impulsa Juntos A.C. contin\u00faen siendo totalmente gratuitos, generando oportunidades reales de empleo y una inclusi\u00f3n efectiva<\/p>\n<p style=\"text-align: justify;\">Cabe destacar que con esta carrera se inician los festejos por el 30 aniversario de Juntos A.C., organizaci\u00f3n que durante tres d\u00e9cadas ha trabajado de manera constante por la inclusi\u00f3n, el empoderamiento y la defensa de los derechos de las personas con discapacidad.<\/p>\n","protected":false},"excerpt":{"rendered":"<p>SLP.- Se dio a conocer que la sexta edici\u00f3n de la Carrera Juntos Avanzamos 2026 se llevar\u00e1 a cabo el domingo 1 de febrero de 2026, teniendo como sede La Arena Potos\u00ed. La Carrera Juntos Avanzamos es una carrera con causa. Al inscribirse, cada participante contribuye directamente a que los programas de capacitaci\u00f3n laboral para personas con discapacidad que impulsa Juntos A.C. contin\u00faen siendo totalmente gratuitos, generando oportunidades reales de empleo y una inclusi\u00f3n efectiva Cabe destacar que con esta carrera se inician los festejos por el 30 aniversario de Juntos A.C., organizaci\u00f3n que durante tres d\u00e9cadas ha trabajado de [&hellip;]<\/p>\n","protected":false},"author":2,"featured_media":189377,"comment_status":"closed","ping_status":"closed","sticky":false,"template":"","format":"video","meta":{"_monsterinsights_skip_tracking":false,"_monsterinsights_sitenote_active":false,"_monsterinsights_sitenote_note":"","_monsterinsights_sitenote_category":0,"footnotes":""},"categories":[7,5],"tags":[],"class_list":["post-189375","post","type-post","status-publish","format-video","has-post-thumbnail","hentry","category-deportes","category-destacadas","post_format-post-format-video","post--single"],"_links":{"self":[{"href":"https:\/\/canal7slp.tv\/2026\/wp-json\/wp\/v2\/posts\/189375","targetHints":{"allow":["GET"]}}],"collection":[{"href":"https:\/\/canal7slp.tv\/2026\/wp-json\/wp\/v2\/posts"}],"about":[{"href":"https:\/\/canal7slp.tv\/2026\/wp-json\/wp\/v2\/types\/post"}],"author":[{"embeddable":true,"href":"https:\/\/canal7slp.tv\/2026\/wp-json\/wp\/v2\/users\/2"}],"replies":[{"embeddable":true,"href":"https:\/\/canal7slp.tv\/2026\/wp-json\/wp\/v2\/comments?post=189375"}],"version-history":[{"count":1,"href":"https:\/\/canal7slp.tv\/2026\/wp-json\/wp\/v2\/posts\/189375\/revisions"}],"predecessor-version":[{"id":189378,"href":"https:\/\/canal7slp.tv\/2026\/wp-json\/wp\/v2\/posts\/189375\/revisions\/189378"}],"wp:featuredmedia":[{"embeddable":true,"href":"https:\/\/canal7slp.tv\/2026\/wp-json\/wp\/v2\/media\/189377"}],"wp:attachment":[{"href":"https:\/\/canal7slp.tv\/2026\/wp-json\/wp\/v2\/media?parent=189375"}],"wp:term":[{"taxonomy":"category","embeddable":true,"href":"https:\/\/canal7slp.tv\/2026\/wp-json\/wp\/v2\/categories?post=189375"},{"taxonomy":"post_tag","embeddable":true,"href":"https:\/\/canal7slp.tv\/2026\/wp-json\/wp\/v2\/tags?post=189375"}],"curies":[{"name":"wp","href":"https:\/\/api.w.org\/{rel}","templated":true}]}}