{"id":189372,"date":"2026-01-02T14:56:14","date_gmt":"2026-01-02T20:56:14","guid":{"rendered":"https:\/\/canal7slp.tv\/2026\/?p=189372"},"modified":"2026-01-02T14:56:14","modified_gmt":"2026-01-02T20:56:14","slug":"papa-leon-xiv-inicia-2026-con-un-firme-llamado-a-la-paz-mundial","status":"publish","type":"post","link":"https:\/\/canal7slp.tv\/2026\/papa-leon-xiv-inicia-2026-con-un-firme-llamado-a-la-paz-mundial\/","title":{"rendered":"Papa Le\u00f3n XIV inicia 2026 con un firme llamado a la paz mundial"},"content":{"rendered":"<p style=\"text-align: justify;\">El Vaticano.- El Papa Le\u00f3n XIV inaugur\u00f3 el a\u00f1o 2026 con un en\u00e9rgico llamado a la paz, dirigido especialmente a los pa\u00edses \u201censangrentados por el conflicto\u201d y a las familias golpeadas por la violencia.<\/p>\n<p style=\"text-align: justify;\">Durante la misa de A\u00f1o Nuevo celebrada en la Bas\u00edlica de San Pedro, el pont\u00edfice subray\u00f3 el significado del 1 de enero como el D\u00eda Mundial de la Paz, una jornada instaurada por la Iglesia Cat\u00f3lica para promover la reconciliaci\u00f3n y el entendimiento entre los pueblos.<\/p>\n<p style=\"text-align: justify;\">En su oraci\u00f3n, Le\u00f3n XIV exhort\u00f3 a la comunidad internacional a trabajar por la paz entre las naciones y tambi\u00e9n a fomentar la armon\u00eda dentro de los hogares, donde, dijo, muchas personas sufren a causa del dolor, la violencia y la divisi\u00f3n. El mensaje fue pronunciado ante una Plaza de San Pedro abarrotada de peregrinos y turistas, en una ma\u00f1ana fr\u00eda y despejada.<\/p>\n<p style=\"text-align: justify;\">Tras la intensa agenda de las celebraciones navide\u00f1as, el Papa tomar\u00e1 algunos d\u00edas de descanso antes de la Epifan\u00eda, el pr\u00f3ximo 6 de enero, fecha que tambi\u00e9n marcar\u00e1 el cierre del A\u00f1o Santo 2025, que atrajo a millones de fieles a Roma.<\/p>\n<p style=\"text-align: justify;\">Posteriormente, Le\u00f3n XIV encabezar\u00e1 una reuni\u00f3n de dos d\u00edas con el Colegio de Cardenales, a quienes solicitar\u00e1 orientaci\u00f3n sobre la gobernanza de la Iglesia Cat\u00f3lica, que cuenta con cerca de mil 400 millones de fieles en el mundo. Esta convocatoria retoma una tradici\u00f3n que hab\u00eda sido utilizada de manera limitada durante el pontificado de su predecesor, el Papa Francisco.<\/p>\n","protected":false},"excerpt":{"rendered":"<p>El Vaticano.- El Papa Le\u00f3n XIV inaugur\u00f3 el a\u00f1o 2026 con un en\u00e9rgico llamado a la paz, dirigido especialmente a los pa\u00edses \u201censangrentados por el conflicto\u201d y a las familias golpeadas por la violencia. Durante la misa de A\u00f1o Nuevo celebrada en la Bas\u00edlica de San Pedro, el pont\u00edfice subray\u00f3 el significado del 1 de enero como el D\u00eda Mundial de la Paz, una jornada instaurada por la Iglesia Cat\u00f3lica para promover la reconciliaci\u00f3n y el entendimiento entre los pueblos. En su oraci\u00f3n, Le\u00f3n XIV exhort\u00f3 a la comunidad internacional a trabajar por la paz entre las naciones y tambi\u00e9n [&hellip;]<\/p>\n","protected":false},"author":2,"featured_media":189373,"comment_status":"closed","ping_status":"closed","sticky":false,"template":"","format":"standard","meta":{"_monsterinsights_skip_tracking":false,"_monsterinsights_sitenote_active":false,"_monsterinsights_sitenote_note":"","_monsterinsights_sitenote_category":0,"footnotes":""},"categories":[44],"tags":[],"class_list":["post-189372","post","type-post","status-publish","format-standard","has-post-thumbnail","hentry","category-internacional","post--single"],"_links":{"self":[{"href":"https:\/\/canal7slp.tv\/2026\/wp-json\/wp\/v2\/posts\/189372","targetHints":{"allow":["GET"]}}],"collection":[{"href":"https:\/\/canal7slp.tv\/2026\/wp-json\/wp\/v2\/posts"}],"about":[{"href":"https:\/\/canal7slp.tv\/2026\/wp-json\/wp\/v2\/types\/post"}],"author":[{"embeddable":true,"href":"https:\/\/canal7slp.tv\/2026\/wp-json\/wp\/v2\/users\/2"}],"replies":[{"embeddable":true,"href":"https:\/\/canal7slp.tv\/2026\/wp-json\/wp\/v2\/comments?post=189372"}],"version-history":[{"count":1,"href":"https:\/\/canal7slp.tv\/2026\/wp-json\/wp\/v2\/posts\/189372\/revisions"}],"predecessor-version":[{"id":189374,"href":"https:\/\/canal7slp.tv\/2026\/wp-json\/wp\/v2\/posts\/189372\/revisions\/189374"}],"wp:featuredmedia":[{"embeddable":true,"href":"https:\/\/canal7slp.tv\/2026\/wp-json\/wp\/v2\/media\/189373"}],"wp:attachment":[{"href":"https:\/\/canal7slp.tv\/2026\/wp-json\/wp\/v2\/media?parent=189372"}],"wp:term":[{"taxonomy":"category","embeddable":true,"href":"https:\/\/canal7slp.tv\/2026\/wp-json\/wp\/v2\/categories?post=189372"},{"taxonomy":"post_tag","embeddable":true,"href":"https:\/\/canal7slp.tv\/2026\/wp-json\/wp\/v2\/tags?post=189372"}],"curies":[{"name":"wp","href":"https:\/\/api.w.org\/{rel}","templated":true}]}}