{"id":189240,"date":"2025-12-31T15:36:19","date_gmt":"2025-12-31T21:36:19","guid":{"rendered":"https:\/\/canal7slp.tv\/2026\/?p=189240"},"modified":"2025-12-31T15:36:19","modified_gmt":"2025-12-31T21:36:19","slug":"fallece-el-notario-publico-jacinto-larraga-martinez","status":"publish","type":"post","link":"https:\/\/canal7slp.tv\/2026\/fallece-el-notario-publico-jacinto-larraga-martinez\/","title":{"rendered":"Fallece el notario p\u00fablico Jacinto L\u00e1rraga Mart\u00ednez"},"content":{"rendered":"<p style=\"text-align: justify;\">SLP.-\u00a0Este mi\u00e9rcoles, Jacinto L\u00e1rraga Mart\u00ednez -notario p\u00fablico y destacado miembro del Partido Revolucionario Institucional (PRI)- falleci\u00f3.<\/p>\n<p style=\"text-align: justify;\">De formaci\u00f3n abogado y titular de la Notar\u00eda P\u00fablica No. 22, tambi\u00e9n encabez\u00f3 entre m\u00faltiples cap\u00edtulos de su vida, la Fundaci\u00f3n Colosio.<\/p>\n<p style=\"text-align: justify;\">Particip\u00f3 de forma activa como analista y se le reconoci\u00f3 como un ser entra\u00f1able.<\/p>\n<p style=\"text-align: justify;\">Descanse en paz.<\/p>\n","protected":false},"excerpt":{"rendered":"<p>SLP.-\u00a0Este mi\u00e9rcoles, Jacinto L\u00e1rraga Mart\u00ednez -notario p\u00fablico y destacado miembro del Partido Revolucionario Institucional (PRI)- falleci\u00f3. De formaci\u00f3n abogado y titular de la Notar\u00eda P\u00fablica No. 22, tambi\u00e9n encabez\u00f3 entre m\u00faltiples cap\u00edtulos de su vida, la Fundaci\u00f3n Colosio. Particip\u00f3 de forma activa como analista y se le reconoci\u00f3 como un ser entra\u00f1able. Descanse en paz.<\/p>\n","protected":false},"author":2,"featured_media":189241,"comment_status":"closed","ping_status":"closed","sticky":false,"template":"","format":"standard","meta":{"_monsterinsights_skip_tracking":false,"_monsterinsights_sitenote_active":false,"_monsterinsights_sitenote_note":"","_monsterinsights_sitenote_category":0,"footnotes":""},"categories":[45],"tags":[],"class_list":["post-189240","post","type-post","status-publish","format-standard","has-post-thumbnail","hentry","category-localesyregionales","post--single"],"_links":{"self":[{"href":"https:\/\/canal7slp.tv\/2026\/wp-json\/wp\/v2\/posts\/189240","targetHints":{"allow":["GET"]}}],"collection":[{"href":"https:\/\/canal7slp.tv\/2026\/wp-json\/wp\/v2\/posts"}],"about":[{"href":"https:\/\/canal7slp.tv\/2026\/wp-json\/wp\/v2\/types\/post"}],"author":[{"embeddable":true,"href":"https:\/\/canal7slp.tv\/2026\/wp-json\/wp\/v2\/users\/2"}],"replies":[{"embeddable":true,"href":"https:\/\/canal7slp.tv\/2026\/wp-json\/wp\/v2\/comments?post=189240"}],"version-history":[{"count":1,"href":"https:\/\/canal7slp.tv\/2026\/wp-json\/wp\/v2\/posts\/189240\/revisions"}],"predecessor-version":[{"id":189242,"href":"https:\/\/canal7slp.tv\/2026\/wp-json\/wp\/v2\/posts\/189240\/revisions\/189242"}],"wp:featuredmedia":[{"embeddable":true,"href":"https:\/\/canal7slp.tv\/2026\/wp-json\/wp\/v2\/media\/189241"}],"wp:attachment":[{"href":"https:\/\/canal7slp.tv\/2026\/wp-json\/wp\/v2\/media?parent=189240"}],"wp:term":[{"taxonomy":"category","embeddable":true,"href":"https:\/\/canal7slp.tv\/2026\/wp-json\/wp\/v2\/categories?post=189240"},{"taxonomy":"post_tag","embeddable":true,"href":"https:\/\/canal7slp.tv\/2026\/wp-json\/wp\/v2\/tags?post=189240"}],"curies":[{"name":"wp","href":"https:\/\/api.w.org\/{rel}","templated":true}]}}