{"id":189227,"date":"2025-12-31T14:54:11","date_gmt":"2025-12-31T20:54:11","guid":{"rendered":"https:\/\/canal7slp.tv\/2026\/?p=189227"},"modified":"2025-12-31T14:54:11","modified_gmt":"2025-12-31T20:54:11","slug":"alexa-herrera-a-reforzar-al-atletico-de-san-luis-femenil","status":"publish","type":"post","link":"https:\/\/canal7slp.tv\/2026\/alexa-herrera-a-reforzar-al-atletico-de-san-luis-femenil\/","title":{"rendered":"Alexa Herrera a reforzar al Atl\u00e9tico de San Luis Femenil"},"content":{"rendered":"<p style=\"text-align: justify;\">SLP.- El Club Atl\u00e9tico de San Luis Femenil inform\u00f3 la llegada de Alexa Herrera, atacante costarricense que se incorpora para reforzar al equipo de cara al torneo Clausura 2026.<\/p>\n<p style=\"text-align: justify;\">Nacida en San Jos\u00e9, Costa Rica, Alexa Herrera cuenta con experiencia tanto a nivel de clubes como en selecciones nacionales. Inici\u00f3 su trayectoria profesional en la Liga Promerica Femenina con el equipo de Liga Deportiva Alajuelense. Posteriormente, en enero de 2025, dio el salto al f\u00fatbol mexicano al integrarse a Quer\u00e9taro, club con el que disput\u00f3 33 partidos en la Liga MX Femenil y registr\u00f3 seis anotaciones.<\/p>\n<p style=\"text-align: justify;\">En el plano internacional, Alexa Herrera ha formado parte de la Selecci\u00f3n Nacional de Costa Rica en distintas categor\u00edas. Con la Sub-20 particip\u00f3 en la Copa Mundial Femenina Sub-20 de 2024 en Colombia, mientras que con la Selecci\u00f3n Mayor disput\u00f3 los Juegos Centroamericanos de 2023 y 2025, certamen en el que obtuvo la medalla de oro con el combinado costarricense en la m\u00e1s reciente edici\u00f3n.<\/p>\n","protected":false},"excerpt":{"rendered":"<p>SLP.- El Club Atl\u00e9tico de San Luis Femenil inform\u00f3 la llegada de Alexa Herrera, atacante costarricense que se incorpora para reforzar al equipo de cara al torneo Clausura 2026. Nacida en San Jos\u00e9, Costa Rica, Alexa Herrera cuenta con experiencia tanto a nivel de clubes como en selecciones nacionales. Inici\u00f3 su trayectoria profesional en la Liga Promerica Femenina con el equipo de Liga Deportiva Alajuelense. Posteriormente, en enero de 2025, dio el salto al f\u00fatbol mexicano al integrarse a Quer\u00e9taro, club con el que disput\u00f3 33 partidos en la Liga MX Femenil y registr\u00f3 seis anotaciones. En el plano internacional, [&hellip;]<\/p>\n","protected":false},"author":2,"featured_media":189229,"comment_status":"closed","ping_status":"closed","sticky":false,"template":"","format":"video","meta":{"_monsterinsights_skip_tracking":false,"_monsterinsights_sitenote_active":false,"_monsterinsights_sitenote_note":"","_monsterinsights_sitenote_category":0,"footnotes":""},"categories":[7,5],"tags":[],"class_list":["post-189227","post","type-post","status-publish","format-video","has-post-thumbnail","hentry","category-deportes","category-destacadas","post_format-post-format-video","post--single"],"_links":{"self":[{"href":"https:\/\/canal7slp.tv\/2026\/wp-json\/wp\/v2\/posts\/189227","targetHints":{"allow":["GET"]}}],"collection":[{"href":"https:\/\/canal7slp.tv\/2026\/wp-json\/wp\/v2\/posts"}],"about":[{"href":"https:\/\/canal7slp.tv\/2026\/wp-json\/wp\/v2\/types\/post"}],"author":[{"embeddable":true,"href":"https:\/\/canal7slp.tv\/2026\/wp-json\/wp\/v2\/users\/2"}],"replies":[{"embeddable":true,"href":"https:\/\/canal7slp.tv\/2026\/wp-json\/wp\/v2\/comments?post=189227"}],"version-history":[{"count":1,"href":"https:\/\/canal7slp.tv\/2026\/wp-json\/wp\/v2\/posts\/189227\/revisions"}],"predecessor-version":[{"id":189230,"href":"https:\/\/canal7slp.tv\/2026\/wp-json\/wp\/v2\/posts\/189227\/revisions\/189230"}],"wp:featuredmedia":[{"embeddable":true,"href":"https:\/\/canal7slp.tv\/2026\/wp-json\/wp\/v2\/media\/189229"}],"wp:attachment":[{"href":"https:\/\/canal7slp.tv\/2026\/wp-json\/wp\/v2\/media?parent=189227"}],"wp:term":[{"taxonomy":"category","embeddable":true,"href":"https:\/\/canal7slp.tv\/2026\/wp-json\/wp\/v2\/categories?post=189227"},{"taxonomy":"post_tag","embeddable":true,"href":"https:\/\/canal7slp.tv\/2026\/wp-json\/wp\/v2\/tags?post=189227"}],"curies":[{"name":"wp","href":"https:\/\/api.w.org\/{rel}","templated":true}]}}