{"id":189214,"date":"2025-12-31T14:27:03","date_gmt":"2025-12-31T20:27:03","guid":{"rendered":"https:\/\/canal7slp.tv\/2026\/?p=189214"},"modified":"2026-01-02T13:20:26","modified_gmt":"2026-01-02T19:20:26","slug":"papa-leon-xiv-despide-el-2025-un-ano-marcado-por-la-guerra-y-la-muerte-de-francisco","status":"publish","type":"post","link":"https:\/\/canal7slp.tv\/2026\/papa-leon-xiv-despide-el-2025-un-ano-marcado-por-la-guerra-y-la-muerte-de-francisco\/","title":{"rendered":"Papa Le\u00f3n XIV despide el 2025, un a\u00f1o marcado por la guerra y la muerte de Francisco"},"content":{"rendered":"<p style=\"text-align: justify;\">El Vaticano.- Durante su \u00faltima audiencia general del a\u00f1o, el Papa Le\u00f3n XIV lament\u00f3 que 2025 haya estado marcado por la devastaci\u00f3n de la guerra y la muerte de su predecesor, el Papa Francisco. Ante miles de fieles reunidos en la Plaza de San Pedro, el pont\u00edfice record\u00f3 tanto los momentos de alegr\u00eda, como la peregrinaci\u00f3n de millones de personas durante el A\u00f1o Santo, como los episodios de profundo dolor, entre ellos el fallecimiento del \u201ca\u00f1orado\u201d Francisco en abril.<\/p>\n<p style=\"text-align: justify;\">El Papa exhort\u00f3 a los presentes a encomendarse a la Providencia de Dios al concluir el a\u00f1o, y pidi\u00f3 que se renueven los prodigios de gracia y misericordia en la vida de cada creyente. Asimismo, invit\u00f3 a reflexionar sobre lo aprendido en el \u00faltimo a\u00f1o y a realizar un examen de conciencia, valorando la respuesta dada a los dones recibidos y pidiendo perd\u00f3n por no haber sabido aprovechar las inspiraciones divinas.<\/p>\n<p style=\"text-align: justify;\">Le\u00f3n XIV tambi\u00e9n celebr\u00f3 el Jubileo, inaugurado por Francisco y que \u00e9l mismo clausurar\u00e1 el pr\u00f3ximo 6 de enero, recordando que millones de peregrinos han pasado por Roma para cruzar la Puerta Santa en busca de perd\u00f3n. \u201cEsto nos recuerda que toda nuestra vida es un viaje\u201d, afirm\u00f3, al subrayar que la meta \u00faltima de la existencia es el encuentro con Dios.<\/p>\n<p style=\"text-align: justify;\">Antes de la audiencia, el pont\u00edfice recorri\u00f3 la abarrotada plaza vaticana en el papam\u00f3vil, donde bendijo a numerosos ni\u00f1os y salud\u00f3 a los fieles, entre ellos a un grupo de 35 j\u00f3venes palestinos que llegaron a Roma con motivo del Jubileo.<\/p>\n<p style=\"text-align: justify;\">Por la tarde, el Papa clausurar\u00e1 oficialmente el a\u00f1o con una misa en la Bas\u00edlica de San Pedro, en la que se entonar\u00e1 el tradicional \u201cTe Deum\u201d como acci\u00f3n de gracias.<\/p>\n","protected":false},"excerpt":{"rendered":"<p>El Vaticano.- Durante su \u00faltima audiencia general del a\u00f1o, el Papa Le\u00f3n XIV lament\u00f3 que 2025 haya estado marcado por la devastaci\u00f3n de la guerra y la muerte de su predecesor, el Papa Francisco. Ante miles de fieles reunidos en la Plaza de San Pedro, el pont\u00edfice record\u00f3 tanto los momentos de alegr\u00eda, como la peregrinaci\u00f3n de millones de personas durante el A\u00f1o Santo, como los episodios de profundo dolor, entre ellos el fallecimiento del \u201ca\u00f1orado\u201d Francisco en abril. El Papa exhort\u00f3 a los presentes a encomendarse a la Providencia de Dios al concluir el a\u00f1o, y pidi\u00f3 que se [&hellip;]<\/p>\n","protected":false},"author":2,"featured_media":189215,"comment_status":"closed","ping_status":"closed","sticky":false,"template":"","format":"standard","meta":{"_monsterinsights_skip_tracking":false,"_monsterinsights_sitenote_active":false,"_monsterinsights_sitenote_note":"","_monsterinsights_sitenote_category":0,"footnotes":""},"categories":[44],"tags":[],"class_list":["post-189214","post","type-post","status-publish","format-standard","has-post-thumbnail","hentry","category-internacional","post--single"],"_links":{"self":[{"href":"https:\/\/canal7slp.tv\/2026\/wp-json\/wp\/v2\/posts\/189214","targetHints":{"allow":["GET"]}}],"collection":[{"href":"https:\/\/canal7slp.tv\/2026\/wp-json\/wp\/v2\/posts"}],"about":[{"href":"https:\/\/canal7slp.tv\/2026\/wp-json\/wp\/v2\/types\/post"}],"author":[{"embeddable":true,"href":"https:\/\/canal7slp.tv\/2026\/wp-json\/wp\/v2\/users\/2"}],"replies":[{"embeddable":true,"href":"https:\/\/canal7slp.tv\/2026\/wp-json\/wp\/v2\/comments?post=189214"}],"version-history":[{"count":1,"href":"https:\/\/canal7slp.tv\/2026\/wp-json\/wp\/v2\/posts\/189214\/revisions"}],"predecessor-version":[{"id":189216,"href":"https:\/\/canal7slp.tv\/2026\/wp-json\/wp\/v2\/posts\/189214\/revisions\/189216"}],"wp:featuredmedia":[{"embeddable":true,"href":"https:\/\/canal7slp.tv\/2026\/wp-json\/wp\/v2\/media\/189215"}],"wp:attachment":[{"href":"https:\/\/canal7slp.tv\/2026\/wp-json\/wp\/v2\/media?parent=189214"}],"wp:term":[{"taxonomy":"category","embeddable":true,"href":"https:\/\/canal7slp.tv\/2026\/wp-json\/wp\/v2\/categories?post=189214"},{"taxonomy":"post_tag","embeddable":true,"href":"https:\/\/canal7slp.tv\/2026\/wp-json\/wp\/v2\/tags?post=189214"}],"curies":[{"name":"wp","href":"https:\/\/api.w.org\/{rel}","templated":true}]}}