{"id":189199,"date":"2025-12-31T12:30:01","date_gmt":"2025-12-31T18:30:01","guid":{"rendered":"https:\/\/canal7slp.tv\/2026\/?p=189199"},"modified":"2026-01-02T13:20:20","modified_gmt":"2026-01-02T19:20:20","slug":"fgr-concluye-necropsias-de-victimas-del-descarrilamiento-del-tren-interoceanico","status":"publish","type":"post","link":"https:\/\/canal7slp.tv\/2026\/fgr-concluye-necropsias-de-victimas-del-descarrilamiento-del-tren-interoceanico\/","title":{"rendered":"FGR concluye necropsias de v\u00edctimas del descarrilamiento del Tren Interoce\u00e1nico"},"content":{"rendered":"<p style=\"text-align: justify;\">M\u00e9xico.- La Fiscal\u00eda General de la Rep\u00fablica (FGR) concluy\u00f3 este martes las necropsias de las 13 personas fallecidas en el descarrilamiento del Tren Interoce\u00e1nico, ocurrido en Oaxaca. En un comunicado, la dependencia inform\u00f3 que las primeras diligencias periciales y ministeriales permitieron cerrar esta etapa, reiterando su compromiso de esclarecer los hechos y priorizar la reparaci\u00f3n del da\u00f1o a las v\u00edctimas.<\/p>\n<p style=\"text-align: justify;\">Aunque no se dieron a conocer detalles sobre la identidad de las personas fallecidas, la FGR se\u00f1al\u00f3 que contin\u00faa una revisi\u00f3n documental, as\u00ed como trabajos de campo bajo la supervisi\u00f3n del Ministerio P\u00fablico Federal. Como parte de las investigaciones, se realizan entrevistas a integrantes de la tripulaci\u00f3n, cuya situaci\u00f3n jur\u00eddica a\u00fan no ha sido definida.<\/p>\n<p style=\"text-align: justify;\">Las indagatorias tambi\u00e9n contemplan el an\u00e1lisis de la caja negra del tren, considerada un elemento clave para determinar las causas del accidente. El siniestro dej\u00f3 un saldo de 13 personas muertas y 98 lesionadas, y es investigado de manera coordinada con la fiscal\u00eda estatal y diversas autoridades federales, entre ellas la Secretar\u00eda de Infraestructura, Comunicaciones y Transportes (SICT) y la Agencia Reguladora del Transporte Ferroviario.<\/p>\n<p style=\"text-align: justify;\">En la zona del accidente permanecen agentes del Ministerio P\u00fablico Federal y peritos de la Agencia de Investigaci\u00f3n Criminal, especializados en medicina forense, criminal\u00edstica y otras disciplinas. Por su parte, la presidenta Claudia Sheinbaum asegur\u00f3 que su gobierno garantizar\u00e1 una \u201creparaci\u00f3n integral\u201d del da\u00f1o a las v\u00edctimas y a sus familias tras la tragedia ocurrida en el Corredor Interoce\u00e1nico del Istmo de Tehuantepec.<\/p>\n","protected":false},"excerpt":{"rendered":"<p>M\u00e9xico.- La Fiscal\u00eda General de la Rep\u00fablica (FGR) concluy\u00f3 este martes las necropsias de las 13 personas fallecidas en el descarrilamiento del Tren Interoce\u00e1nico, ocurrido en Oaxaca. En un comunicado, la dependencia inform\u00f3 que las primeras diligencias periciales y ministeriales permitieron cerrar esta etapa, reiterando su compromiso de esclarecer los hechos y priorizar la reparaci\u00f3n del da\u00f1o a las v\u00edctimas. Aunque no se dieron a conocer detalles sobre la identidad de las personas fallecidas, la FGR se\u00f1al\u00f3 que contin\u00faa una revisi\u00f3n documental, as\u00ed como trabajos de campo bajo la supervisi\u00f3n del Ministerio P\u00fablico Federal. Como parte de las investigaciones, se [&hellip;]<\/p>\n","protected":false},"author":2,"featured_media":189200,"comment_status":"closed","ping_status":"closed","sticky":false,"template":"","format":"standard","meta":{"_monsterinsights_skip_tracking":false,"_monsterinsights_sitenote_active":false,"_monsterinsights_sitenote_note":"","_monsterinsights_sitenote_category":0,"footnotes":""},"categories":[46],"tags":[],"class_list":["post-189199","post","type-post","status-publish","format-standard","has-post-thumbnail","hentry","category-nacional","post--single"],"_links":{"self":[{"href":"https:\/\/canal7slp.tv\/2026\/wp-json\/wp\/v2\/posts\/189199","targetHints":{"allow":["GET"]}}],"collection":[{"href":"https:\/\/canal7slp.tv\/2026\/wp-json\/wp\/v2\/posts"}],"about":[{"href":"https:\/\/canal7slp.tv\/2026\/wp-json\/wp\/v2\/types\/post"}],"author":[{"embeddable":true,"href":"https:\/\/canal7slp.tv\/2026\/wp-json\/wp\/v2\/users\/2"}],"replies":[{"embeddable":true,"href":"https:\/\/canal7slp.tv\/2026\/wp-json\/wp\/v2\/comments?post=189199"}],"version-history":[{"count":1,"href":"https:\/\/canal7slp.tv\/2026\/wp-json\/wp\/v2\/posts\/189199\/revisions"}],"predecessor-version":[{"id":189201,"href":"https:\/\/canal7slp.tv\/2026\/wp-json\/wp\/v2\/posts\/189199\/revisions\/189201"}],"wp:featuredmedia":[{"embeddable":true,"href":"https:\/\/canal7slp.tv\/2026\/wp-json\/wp\/v2\/media\/189200"}],"wp:attachment":[{"href":"https:\/\/canal7slp.tv\/2026\/wp-json\/wp\/v2\/media?parent=189199"}],"wp:term":[{"taxonomy":"category","embeddable":true,"href":"https:\/\/canal7slp.tv\/2026\/wp-json\/wp\/v2\/categories?post=189199"},{"taxonomy":"post_tag","embeddable":true,"href":"https:\/\/canal7slp.tv\/2026\/wp-json\/wp\/v2\/tags?post=189199"}],"curies":[{"name":"wp","href":"https:\/\/api.w.org\/{rel}","templated":true}]}}