{"id":189147,"date":"2025-12-30T16:50:40","date_gmt":"2025-12-30T22:50:40","guid":{"rendered":"https:\/\/canal7slp.tv\/2026\/?p=189147"},"modified":"2025-12-30T16:50:40","modified_gmt":"2025-12-30T22:50:40","slug":"rina-entre-ambulantes-y-locatarios-se-registro-en-el-mercado-republica","status":"publish","type":"post","link":"https:\/\/canal7slp.tv\/2026\/rina-entre-ambulantes-y-locatarios-se-registro-en-el-mercado-republica\/","title":{"rendered":"Ri\u00f1a entre ambulantes y locatarios se registr\u00f3 en el Mercado Rep\u00fablica"},"content":{"rendered":"<p style=\"text-align: justify;\"><span style=\"font-size: 1.21429rem;\">SLP.- Un enfrentamiento entre comerciantes establecidos y vendedores ambulantes se registr\u00f3 en las inmediaciones del Mercado Rep\u00fablica, los hechos sobre las calles Moctezuma, 16 de Septiembre y Reforma.<\/span><\/p>\n<p style=\"text-align: justify;\">La confrontaci\u00f3n se origin\u00f3 por inconformidades relacionadas con la venta de productos similares, lo que, de acuerdo con los locatarios, representa una afectaci\u00f3n directa a los negocios formales que operan dentro del mercado y cumplen con pagos de impuestos, permisos y dem\u00e1s obligaciones.<\/p>\n<p style=\"text-align: justify;\">Los comerciantes establecidos se\u00f1alaron que la presencia del comercio ambulante impacta negativamente en sus ventas durante la temporada decembrina, al considerar que existe una desventaja frente a quienes operan sin los mismos costos ni requisitos administrativos.<\/p>\n<p style=\"text-align: justify;\">Ante la falta de acuerdos con la autoridad municipal para atender esta situaci\u00f3n, los locatarios decidieron sacar parte de sus puestos a la v\u00eda p\u00fablica como forma de protesta, lo que gener\u00f3 un incremento en la tensi\u00f3n entre ambos grupos.<\/p>\n<p style=\"text-align: justify;\">Tras varios momentos de confrontaci\u00f3n verbal, el conflicto deriv\u00f3 en un altercado f\u00edsico.<\/p>\n<p style=\"text-align: justify;\">Elementos de seguridad intervinieron para controlar la situaci\u00f3n y restablecer el orden, sin que se reportaran lesiones de gravedad.<\/p>\n<p>Por: Jos\u00e9 Luis V\u00e1zquez<\/p>\n","protected":false},"excerpt":{"rendered":"<p>SLP.- Un enfrentamiento entre comerciantes establecidos y vendedores ambulantes se registr\u00f3 en las inmediaciones del Mercado Rep\u00fablica, los hechos sobre las calles Moctezuma, 16 de Septiembre y Reforma. La confrontaci\u00f3n se origin\u00f3 por inconformidades relacionadas con la venta de productos similares, lo que, de acuerdo con los locatarios, representa una afectaci\u00f3n directa a los negocios formales que operan dentro del mercado y cumplen con pagos de impuestos, permisos y dem\u00e1s obligaciones. Los comerciantes establecidos se\u00f1alaron que la presencia del comercio ambulante impacta negativamente en sus ventas durante la temporada decembrina, al considerar que existe una desventaja frente a quienes operan [&hellip;]<\/p>\n","protected":false},"author":2,"featured_media":189149,"comment_status":"closed","ping_status":"closed","sticky":false,"template":"","format":"video","meta":{"_monsterinsights_skip_tracking":false,"_monsterinsights_sitenote_active":false,"_monsterinsights_sitenote_note":"","_monsterinsights_sitenote_category":0,"footnotes":""},"categories":[5,45],"tags":[],"class_list":["post-189147","post","type-post","status-publish","format-video","has-post-thumbnail","hentry","category-destacadas","category-localesyregionales","post_format-post-format-video","post--single"],"_links":{"self":[{"href":"https:\/\/canal7slp.tv\/2026\/wp-json\/wp\/v2\/posts\/189147","targetHints":{"allow":["GET"]}}],"collection":[{"href":"https:\/\/canal7slp.tv\/2026\/wp-json\/wp\/v2\/posts"}],"about":[{"href":"https:\/\/canal7slp.tv\/2026\/wp-json\/wp\/v2\/types\/post"}],"author":[{"embeddable":true,"href":"https:\/\/canal7slp.tv\/2026\/wp-json\/wp\/v2\/users\/2"}],"replies":[{"embeddable":true,"href":"https:\/\/canal7slp.tv\/2026\/wp-json\/wp\/v2\/comments?post=189147"}],"version-history":[{"count":1,"href":"https:\/\/canal7slp.tv\/2026\/wp-json\/wp\/v2\/posts\/189147\/revisions"}],"predecessor-version":[{"id":189150,"href":"https:\/\/canal7slp.tv\/2026\/wp-json\/wp\/v2\/posts\/189147\/revisions\/189150"}],"wp:featuredmedia":[{"embeddable":true,"href":"https:\/\/canal7slp.tv\/2026\/wp-json\/wp\/v2\/media\/189149"}],"wp:attachment":[{"href":"https:\/\/canal7slp.tv\/2026\/wp-json\/wp\/v2\/media?parent=189147"}],"wp:term":[{"taxonomy":"category","embeddable":true,"href":"https:\/\/canal7slp.tv\/2026\/wp-json\/wp\/v2\/categories?post=189147"},{"taxonomy":"post_tag","embeddable":true,"href":"https:\/\/canal7slp.tv\/2026\/wp-json\/wp\/v2\/tags?post=189147"}],"curies":[{"name":"wp","href":"https:\/\/api.w.org\/{rel}","templated":true}]}}