{"id":189135,"date":"2025-12-30T16:29:30","date_gmt":"2025-12-30T22:29:30","guid":{"rendered":"https:\/\/canal7slp.tv\/2026\/?p=189135"},"modified":"2025-12-31T15:13:49","modified_gmt":"2025-12-31T21:13:49","slug":"francia-retrasa-prohibicion-de-vasos-de-plastico-hasta-2030","status":"publish","type":"post","link":"https:\/\/canal7slp.tv\/2026\/francia-retrasa-prohibicion-de-vasos-de-plastico-hasta-2030\/","title":{"rendered":"Francia retrasa prohibici\u00f3n de vasos de pl\u00e1stico hasta 2030"},"content":{"rendered":"<p style=\"text-align: justify;\">\n<p style=\"text-align: justify;\">Par\u00eds.- El Gobierno franc\u00e9s decidi\u00f3 posponer la prohibici\u00f3n de los vasos de pl\u00e1stico de un solo uso, prevista inicialmente para entrar en vigor el 1 de enero de 2026, hasta el 1 de enero de 2030. La modificaci\u00f3n qued\u00f3 formalizada mediante un decreto publicado recientemente, con el objetivo de otorgar m\u00e1s tiempo al sector para adaptarse a la nueva normativa.<\/p>\n<p style=\"text-align: justify;\">La decisi\u00f3n se sustenta en un an\u00e1lisis realizado este a\u00f1o sobre las capacidades t\u00e9cnicas para aplicar la prohibici\u00f3n. De acuerdo con el decreto, en 2028 se llevar\u00e1 a cabo una nueva evaluaci\u00f3n para revisar los avances en la adaptaci\u00f3n a la medida. Asimismo, se establecer\u00e1 un periodo transitorio que permitir\u00e1 agotar las existencias de vasos fabricados o importados antes de la nueva fecha l\u00edmite.<\/p>\n<p style=\"text-align: justify;\">Desde 2021, Francia ha implementado diversas restricciones al uso de pl\u00e1sticos desechables, entre ellas la prohibici\u00f3n de pajitas, cubiertos y palitos de pl\u00e1stico. A partir del a\u00f1o siguiente, tambi\u00e9n se vetaron las bolsitas de t\u00e9 envueltas en pl\u00e1stico y se limitaron los envoltorios pl\u00e1sticos para productos como frutas y verduras, as\u00ed como para la distribuci\u00f3n de peri\u00f3dicos y revistas.<\/p>\n","protected":false},"excerpt":{"rendered":"<p>Par\u00eds.- El Gobierno franc\u00e9s decidi\u00f3 posponer la prohibici\u00f3n de los vasos de pl\u00e1stico de un solo uso, prevista inicialmente para entrar en vigor el 1 de enero de 2026, hasta el 1 de enero de 2030. La modificaci\u00f3n qued\u00f3 formalizada mediante un decreto publicado recientemente, con el objetivo de otorgar m\u00e1s tiempo al sector para adaptarse a la nueva normativa. La decisi\u00f3n se sustenta en un an\u00e1lisis realizado este a\u00f1o sobre las capacidades t\u00e9cnicas para aplicar la prohibici\u00f3n. De acuerdo con el decreto, en 2028 se llevar\u00e1 a cabo una nueva evaluaci\u00f3n para revisar los avances en la adaptaci\u00f3n a [&hellip;]<\/p>\n","protected":false},"author":2,"featured_media":189137,"comment_status":"closed","ping_status":"closed","sticky":false,"template":"","format":"standard","meta":{"_monsterinsights_skip_tracking":false,"_monsterinsights_sitenote_active":false,"_monsterinsights_sitenote_note":"","_monsterinsights_sitenote_category":0,"footnotes":""},"categories":[44],"tags":[],"class_list":["post-189135","post","type-post","status-publish","format-standard","has-post-thumbnail","hentry","category-internacional","post--single"],"_links":{"self":[{"href":"https:\/\/canal7slp.tv\/2026\/wp-json\/wp\/v2\/posts\/189135","targetHints":{"allow":["GET"]}}],"collection":[{"href":"https:\/\/canal7slp.tv\/2026\/wp-json\/wp\/v2\/posts"}],"about":[{"href":"https:\/\/canal7slp.tv\/2026\/wp-json\/wp\/v2\/types\/post"}],"author":[{"embeddable":true,"href":"https:\/\/canal7slp.tv\/2026\/wp-json\/wp\/v2\/users\/2"}],"replies":[{"embeddable":true,"href":"https:\/\/canal7slp.tv\/2026\/wp-json\/wp\/v2\/comments?post=189135"}],"version-history":[{"count":1,"href":"https:\/\/canal7slp.tv\/2026\/wp-json\/wp\/v2\/posts\/189135\/revisions"}],"predecessor-version":[{"id":189138,"href":"https:\/\/canal7slp.tv\/2026\/wp-json\/wp\/v2\/posts\/189135\/revisions\/189138"}],"wp:featuredmedia":[{"embeddable":true,"href":"https:\/\/canal7slp.tv\/2026\/wp-json\/wp\/v2\/media\/189137"}],"wp:attachment":[{"href":"https:\/\/canal7slp.tv\/2026\/wp-json\/wp\/v2\/media?parent=189135"}],"wp:term":[{"taxonomy":"category","embeddable":true,"href":"https:\/\/canal7slp.tv\/2026\/wp-json\/wp\/v2\/categories?post=189135"},{"taxonomy":"post_tag","embeddable":true,"href":"https:\/\/canal7slp.tv\/2026\/wp-json\/wp\/v2\/tags?post=189135"}],"curies":[{"name":"wp","href":"https:\/\/api.w.org\/{rel}","templated":true}]}}