{"id":189114,"date":"2025-12-30T14:53:30","date_gmt":"2025-12-30T20:53:30","guid":{"rendered":"https:\/\/canal7slp.tv\/2026\/?p=189114"},"modified":"2025-12-30T14:53:30","modified_gmt":"2025-12-30T20:53:30","slug":"alejandra-caldera-se-incorpora-al-primer-equipo-del-adsl-femenil","status":"publish","type":"post","link":"https:\/\/canal7slp.tv\/2026\/alejandra-caldera-se-incorpora-al-primer-equipo-del-adsl-femenil\/","title":{"rendered":"Alejandra Caldera se incorpora al primer equipo del ADSL Femenil"},"content":{"rendered":"<p style=\"text-align: justify;\">SLP.- Atl\u00e9tico de San Luis Femenil inform\u00f3 que la jugadora Alejandra Caldera, de la categor\u00eda Sub-19, quien a partir del torneo Clausura 2026 se integrar\u00e1 de manera oficial a las filas del Primer Equipo.<\/p>\n<p style=\"text-align: justify;\">Caldera, de 17 a\u00f1os de edad, lleg\u00f3 a la instituci\u00f3n potosina en 2024 y desde entonces demostr\u00f3 su calidad futbol\u00edstica dentro del terreno de juego, consolid\u00e1ndose r\u00e1pidamente como una de las futbolistas m\u00e1s regulares y destacadas de la categor\u00eda Sub-19.<\/p>\n<p style=\"text-align: justify;\">Con el Atl\u00e9tico de San Luis Femenil, Alejandra tuvo la oportunidad de debutar en la m\u00e1xima categor\u00eda del f\u00fatbol mexicano el 22 de septiembre de 2024, dando un paso importante en su desarrollo profesional. Adem\u00e1s, su desempe\u00f1o le ha valido ser considerada en convocatorias de la Selecci\u00f3n Nacional de M\u00e9xico en categor\u00edas inferiores, reflejo de su proyecci\u00f3n y talento.<\/p>\n","protected":false},"excerpt":{"rendered":"<p>SLP.- Atl\u00e9tico de San Luis Femenil inform\u00f3 que la jugadora Alejandra Caldera, de la categor\u00eda Sub-19, quien a partir del torneo Clausura 2026 se integrar\u00e1 de manera oficial a las filas del Primer Equipo. Caldera, de 17 a\u00f1os de edad, lleg\u00f3 a la instituci\u00f3n potosina en 2024 y desde entonces demostr\u00f3 su calidad futbol\u00edstica dentro del terreno de juego, consolid\u00e1ndose r\u00e1pidamente como una de las futbolistas m\u00e1s regulares y destacadas de la categor\u00eda Sub-19. Con el Atl\u00e9tico de San Luis Femenil, Alejandra tuvo la oportunidad de debutar en la m\u00e1xima categor\u00eda del f\u00fatbol mexicano el 22 de septiembre de 2024, [&hellip;]<\/p>\n","protected":false},"author":2,"featured_media":189120,"comment_status":"closed","ping_status":"closed","sticky":false,"template":"","format":"video","meta":{"_monsterinsights_skip_tracking":false,"_monsterinsights_sitenote_active":false,"_monsterinsights_sitenote_note":"","_monsterinsights_sitenote_category":0,"footnotes":""},"categories":[7,5],"tags":[],"class_list":["post-189114","post","type-post","status-publish","format-video","has-post-thumbnail","hentry","category-deportes","category-destacadas","post_format-post-format-video","post--single"],"_links":{"self":[{"href":"https:\/\/canal7slp.tv\/2026\/wp-json\/wp\/v2\/posts\/189114","targetHints":{"allow":["GET"]}}],"collection":[{"href":"https:\/\/canal7slp.tv\/2026\/wp-json\/wp\/v2\/posts"}],"about":[{"href":"https:\/\/canal7slp.tv\/2026\/wp-json\/wp\/v2\/types\/post"}],"author":[{"embeddable":true,"href":"https:\/\/canal7slp.tv\/2026\/wp-json\/wp\/v2\/users\/2"}],"replies":[{"embeddable":true,"href":"https:\/\/canal7slp.tv\/2026\/wp-json\/wp\/v2\/comments?post=189114"}],"version-history":[{"count":3,"href":"https:\/\/canal7slp.tv\/2026\/wp-json\/wp\/v2\/posts\/189114\/revisions"}],"predecessor-version":[{"id":189127,"href":"https:\/\/canal7slp.tv\/2026\/wp-json\/wp\/v2\/posts\/189114\/revisions\/189127"}],"wp:featuredmedia":[{"embeddable":true,"href":"https:\/\/canal7slp.tv\/2026\/wp-json\/wp\/v2\/media\/189120"}],"wp:attachment":[{"href":"https:\/\/canal7slp.tv\/2026\/wp-json\/wp\/v2\/media?parent=189114"}],"wp:term":[{"taxonomy":"category","embeddable":true,"href":"https:\/\/canal7slp.tv\/2026\/wp-json\/wp\/v2\/categories?post=189114"},{"taxonomy":"post_tag","embeddable":true,"href":"https:\/\/canal7slp.tv\/2026\/wp-json\/wp\/v2\/tags?post=189114"}],"curies":[{"name":"wp","href":"https:\/\/api.w.org\/{rel}","templated":true}]}}