{"id":189100,"date":"2025-12-30T14:06:49","date_gmt":"2025-12-30T20:06:49","guid":{"rendered":"https:\/\/canal7slp.tv\/2026\/?p=189100"},"modified":"2025-12-30T14:06:49","modified_gmt":"2025-12-30T20:06:49","slug":"policia-australiana-descarta-red-terrorista-detras-de-los-akram","status":"publish","type":"post","link":"https:\/\/canal7slp.tv\/2026\/policia-australiana-descarta-red-terrorista-detras-de-los-akram\/","title":{"rendered":"Polic\u00eda australiana descarta red terrorista detr\u00e1s de los Akram"},"content":{"rendered":"<p style=\"text-align: justify;\">S\u00eddney.- La Polic\u00eda de Australia confirm\u00f3 que Naveed Akram y su padre, Sajid Akram, actuaron de manera independiente en el atentado perpetrado durante una festividad jud\u00eda en Bondi, S\u00eddney, que dej\u00f3 un saldo de 15 personas fallecidas.<\/p>\n<p style=\"text-align: justify;\">Tras dos semanas de investigaci\u00f3n, que incluyeron la colaboraci\u00f3n con autoridades de Filipinas \u2014pa\u00eds en el que los sospechosos permanecieron durante noviembre antes de viajar a Australia\u2014, las autoridades concluyeron que no existi\u00f3 una red terrorista m\u00e1s amplia detr\u00e1s del ataque.<\/p>\n<p style=\"text-align: justify;\">La comisionada de la Polic\u00eda australiana, Krissy Barrett, inform\u00f3 que el an\u00e1lisis de evidencia digital y registros financieros no arroj\u00f3 indicios de que los Akram actuaran bajo la direcci\u00f3n o el apoyo de alguna organizaci\u00f3n externa.<\/p>\n<p style=\"text-align: justify;\">Las investigaciones confirmaron que ambos estuvieron principalmente en la ciudad de Davao, Filipinas, aunque no se encontraron pruebas de su participaci\u00f3n en campos de entrenamiento ni de haber recibido instrucci\u00f3n militar. No obstante, la Polic\u00eda continuar\u00e1 indagando el objetivo de su estancia en la regi\u00f3n, conocida por la presencia de grupos afines al Estado Isl\u00e1mico.<\/p>\n<p style=\"text-align: justify;\">Naveed Akram enfrenta 59 cargos penales, incluidos 15 por asesinato y uno por terrorismo. Asimismo, las autoridades anunciaron la realizaci\u00f3n de una revisi\u00f3n independiente para evaluar si las agencias de seguridad pudieron haber prevenido el atentado.<\/p>\n<p style=\"text-align: justify;\">Dicha revisi\u00f3n estar\u00e1 encabezada por Dennis Richardson, exdirector de la Organizaci\u00f3n de Inteligencia de Seguridad Australiana (ASIO), y se prev\u00e9 que el informe final sea presentado en abril de 2026.<\/p>\n<p style=\"text-align: justify;\">\n","protected":false},"excerpt":{"rendered":"<p>S\u00eddney.- La Polic\u00eda de Australia confirm\u00f3 que Naveed Akram y su padre, Sajid Akram, actuaron de manera independiente en el atentado perpetrado durante una festividad jud\u00eda en Bondi, S\u00eddney, que dej\u00f3 un saldo de 15 personas fallecidas. Tras dos semanas de investigaci\u00f3n, que incluyeron la colaboraci\u00f3n con autoridades de Filipinas \u2014pa\u00eds en el que los sospechosos permanecieron durante noviembre antes de viajar a Australia\u2014, las autoridades concluyeron que no existi\u00f3 una red terrorista m\u00e1s amplia detr\u00e1s del ataque. La comisionada de la Polic\u00eda australiana, Krissy Barrett, inform\u00f3 que el an\u00e1lisis de evidencia digital y registros financieros no arroj\u00f3 indicios de [&hellip;]<\/p>\n","protected":false},"author":2,"featured_media":189101,"comment_status":"closed","ping_status":"closed","sticky":false,"template":"","format":"standard","meta":{"_monsterinsights_skip_tracking":false,"_monsterinsights_sitenote_active":false,"_monsterinsights_sitenote_note":"","_monsterinsights_sitenote_category":0,"footnotes":""},"categories":[44],"tags":[],"class_list":["post-189100","post","type-post","status-publish","format-standard","has-post-thumbnail","hentry","category-internacional","post--single"],"_links":{"self":[{"href":"https:\/\/canal7slp.tv\/2026\/wp-json\/wp\/v2\/posts\/189100","targetHints":{"allow":["GET"]}}],"collection":[{"href":"https:\/\/canal7slp.tv\/2026\/wp-json\/wp\/v2\/posts"}],"about":[{"href":"https:\/\/canal7slp.tv\/2026\/wp-json\/wp\/v2\/types\/post"}],"author":[{"embeddable":true,"href":"https:\/\/canal7slp.tv\/2026\/wp-json\/wp\/v2\/users\/2"}],"replies":[{"embeddable":true,"href":"https:\/\/canal7slp.tv\/2026\/wp-json\/wp\/v2\/comments?post=189100"}],"version-history":[{"count":1,"href":"https:\/\/canal7slp.tv\/2026\/wp-json\/wp\/v2\/posts\/189100\/revisions"}],"predecessor-version":[{"id":189102,"href":"https:\/\/canal7slp.tv\/2026\/wp-json\/wp\/v2\/posts\/189100\/revisions\/189102"}],"wp:featuredmedia":[{"embeddable":true,"href":"https:\/\/canal7slp.tv\/2026\/wp-json\/wp\/v2\/media\/189101"}],"wp:attachment":[{"href":"https:\/\/canal7slp.tv\/2026\/wp-json\/wp\/v2\/media?parent=189100"}],"wp:term":[{"taxonomy":"category","embeddable":true,"href":"https:\/\/canal7slp.tv\/2026\/wp-json\/wp\/v2\/categories?post=189100"},{"taxonomy":"post_tag","embeddable":true,"href":"https:\/\/canal7slp.tv\/2026\/wp-json\/wp\/v2\/tags?post=189100"}],"curies":[{"name":"wp","href":"https:\/\/api.w.org\/{rel}","templated":true}]}}