{"id":189044,"date":"2025-12-29T17:50:04","date_gmt":"2025-12-29T23:50:04","guid":{"rendered":"https:\/\/canal7slp.tv\/2026\/?p=189044"},"modified":"2025-12-29T17:50:04","modified_gmt":"2025-12-29T23:50:04","slug":"preparacion-ante-epidemias-clave-para-proteger-la-salud-publica-en-slp","status":"publish","type":"post","link":"https:\/\/canal7slp.tv\/2026\/preparacion-ante-epidemias-clave-para-proteger-la-salud-publica-en-slp\/","title":{"rendered":"Preparaci\u00f3n ante epidemias, clave para proteger la salud p\u00fablica en SLP"},"content":{"rendered":"<p style=\"text-align: justify;\"><span style=\"font-size: 1.21429rem;\">SLP.- En el marco del D\u00eda Internacional de la Preparaci\u00f3n ante las Epidemias, las autoridades sanitarias de San Luis Potos\u00ed reiteraron la importancia de anticiparse a posibles riesgos que puedan poner en peligro la salud de la poblaci\u00f3n.<\/span><\/p>\n<p style=\"text-align: justify;\">Lo anterior, mediante acciones oportunas, organizadas y con enfoque preventivo frente a eventos que puedan derivar en brotes o emergencias sanitarias.<\/p>\n<p style=\"text-align: justify;\">Con ello se busca fortalecer la conciencia colectiva sobre la prevenci\u00f3n y el control de epidemias, al convocar a la participaci\u00f3n de la comunidad, instituciones, organismos regionales, sector privado y sociedad en general.<\/p>\n<p style=\"text-align: justify;\">Afirman que los desastres naturales o aquellos provocados por la actividad humana pueden agravar de manera significativa el riesgo sanitario, especialmente en zonas con mayor vulnerabilidad econ\u00f3mica y social.<\/p>\n<p style=\"text-align: justify;\">Entre las principales medidas preventivas se destaca la importancia de contar con esquemas de vacunaci\u00f3n completos, lo que contribuye a reducir el impacto de posibles brotes o rebrotes epid\u00e9micos, por lo que se recomienda a la poblaci\u00f3n acudir a su unidad m\u00e9dica, revisar su Cartilla Nacional de Salud y mantener actualizadas sus vacunas.<\/p>\n<p style=\"text-align: justify;\">Finalmente, se subray\u00f3 que la preparaci\u00f3n ante epidemias es una responsabilidad compartida, que exige una participaci\u00f3n inclusiva, equitativa y no discriminatoria, con atenci\u00f3n prioritaria a las personas en situaci\u00f3n de vulnerabilidad.<\/p>\n<p style=\"text-align: justify;\">Adem\u00e1s de la difusi\u00f3n constante de informaci\u00f3n y estrategias de comunicaci\u00f3n que permitan a la sociedad conocer, prevenir y saber c\u00f3mo actuar para proteger la salud colectiva.<\/p>\n<p>Por: Jos\u00e9 Luis V\u00e1zquez<\/p>\n","protected":false},"excerpt":{"rendered":"<p>SLP.- En el marco del D\u00eda Internacional de la Preparaci\u00f3n ante las Epidemias, las autoridades sanitarias de San Luis Potos\u00ed reiteraron la importancia de anticiparse a posibles riesgos que puedan poner en peligro la salud de la poblaci\u00f3n. Lo anterior, mediante acciones oportunas, organizadas y con enfoque preventivo frente a eventos que puedan derivar en brotes o emergencias sanitarias. Con ello se busca fortalecer la conciencia colectiva sobre la prevenci\u00f3n y el control de epidemias, al convocar a la participaci\u00f3n de la comunidad, instituciones, organismos regionales, sector privado y sociedad en general. Afirman que los desastres naturales o aquellos provocados [&hellip;]<\/p>\n","protected":false},"author":2,"featured_media":189065,"comment_status":"closed","ping_status":"closed","sticky":false,"template":"","format":"video","meta":{"_monsterinsights_skip_tracking":false,"_monsterinsights_sitenote_active":false,"_monsterinsights_sitenote_note":"","_monsterinsights_sitenote_category":0,"footnotes":""},"categories":[5,45],"tags":[],"class_list":["post-189044","post","type-post","status-publish","format-video","has-post-thumbnail","hentry","category-destacadas","category-localesyregionales","post_format-post-format-video","post--single"],"_links":{"self":[{"href":"https:\/\/canal7slp.tv\/2026\/wp-json\/wp\/v2\/posts\/189044","targetHints":{"allow":["GET"]}}],"collection":[{"href":"https:\/\/canal7slp.tv\/2026\/wp-json\/wp\/v2\/posts"}],"about":[{"href":"https:\/\/canal7slp.tv\/2026\/wp-json\/wp\/v2\/types\/post"}],"author":[{"embeddable":true,"href":"https:\/\/canal7slp.tv\/2026\/wp-json\/wp\/v2\/users\/2"}],"replies":[{"embeddable":true,"href":"https:\/\/canal7slp.tv\/2026\/wp-json\/wp\/v2\/comments?post=189044"}],"version-history":[{"count":2,"href":"https:\/\/canal7slp.tv\/2026\/wp-json\/wp\/v2\/posts\/189044\/revisions"}],"predecessor-version":[{"id":189066,"href":"https:\/\/canal7slp.tv\/2026\/wp-json\/wp\/v2\/posts\/189044\/revisions\/189066"}],"wp:featuredmedia":[{"embeddable":true,"href":"https:\/\/canal7slp.tv\/2026\/wp-json\/wp\/v2\/media\/189065"}],"wp:attachment":[{"href":"https:\/\/canal7slp.tv\/2026\/wp-json\/wp\/v2\/media?parent=189044"}],"wp:term":[{"taxonomy":"category","embeddable":true,"href":"https:\/\/canal7slp.tv\/2026\/wp-json\/wp\/v2\/categories?post=189044"},{"taxonomy":"post_tag","embeddable":true,"href":"https:\/\/canal7slp.tv\/2026\/wp-json\/wp\/v2\/tags?post=189044"}],"curies":[{"name":"wp","href":"https:\/\/api.w.org\/{rel}","templated":true}]}}