{"id":188994,"date":"2025-12-29T14:35:38","date_gmt":"2025-12-29T20:35:38","guid":{"rendered":"https:\/\/canal7slp.tv\/2026\/?p=188994"},"modified":"2025-12-29T14:35:38","modified_gmt":"2025-12-29T20:35:38","slug":"rusia-acusa-a-ucrania-de-intentar-atacar-residencia-de-putin-con-drones","status":"publish","type":"post","link":"https:\/\/canal7slp.tv\/2026\/rusia-acusa-a-ucrania-de-intentar-atacar-residencia-de-putin-con-drones\/","title":{"rendered":"Rusia acusa a Ucrania de intentar atacar residencia de Putin con drones"},"content":{"rendered":"<p style=\"text-align: justify;\">Mosc\u00fa.- El ministro de Relaciones Exteriores de Rusia, Sergu\u00e9i Lavrov, afirm\u00f3 que fuerzas ucranianas intentaron atacar una de las residencias del presidente Vlad\u00edmir Putin durante la noche del 28 al 29 de diciembre, mediante un operativo con drones de largo alcance.<\/p>\n<p style=\"text-align: justify;\">De acuerdo con la versi\u00f3n de las autoridades rusas, citada por agencias locales, el ataque habr\u00eda involucrado 91 drones, presuntamente dirigidos contra una residencia estatal ubicada en la regi\u00f3n de N\u00f3vgorod. Lavrov asegur\u00f3 que todos los aparatos fueron interceptados y destruidos por los sistemas de defensa a\u00e9rea, sin que se registraran v\u00edctimas ni da\u00f1os materiales, incluidos los ocasionados por la ca\u00edda de fragmentos.<\/p>\n<p style=\"text-align: justify;\">El canciller ruso vincul\u00f3 el incidente con el actual contexto diplom\u00e1tico, al se\u00f1alar que ocurri\u00f3 en medio de \u201cintensas negociaciones\u201d entre Rusia y Estados Unidos para buscar una salida al conflicto en Ucrania. Si bien asegur\u00f3 que Mosc\u00fa no abandonar\u00e1 el di\u00e1logo, advirti\u00f3 que reconsiderar\u00e1 su postura negociadora ante lo que calific\u00f3 como una \u201cpol\u00edtica de terrorismo de Estado\u201d por parte del gobierno ucraniano.<\/p>\n<p style=\"text-align: justify;\">Lavrov sostuvo adem\u00e1s que estas acciones \u201cno se quedar\u00e1n impunes\u201d y afirm\u00f3 que las Fuerzas Armadas rusas ya han definido objetivos y momentos para llevar a cabo ataques de represalia.<\/p>\n<p style=\"text-align: justify;\">En la misma l\u00ednea, el viceministro de Exteriores, Alexandr Grushk\u00f3, acus\u00f3 a Kiev de realizar \u201cprovocaciones deliberadas\u201d con el objetivo de frustrar las negociaciones de paz, en lo que describi\u00f3 como una fase particularmente delicada del proceso diplom\u00e1tico.<\/p>\n","protected":false},"excerpt":{"rendered":"<p>Mosc\u00fa.- El ministro de Relaciones Exteriores de Rusia, Sergu\u00e9i Lavrov, afirm\u00f3 que fuerzas ucranianas intentaron atacar una de las residencias del presidente Vlad\u00edmir Putin durante la noche del 28 al 29 de diciembre, mediante un operativo con drones de largo alcance. De acuerdo con la versi\u00f3n de las autoridades rusas, citada por agencias locales, el ataque habr\u00eda involucrado 91 drones, presuntamente dirigidos contra una residencia estatal ubicada en la regi\u00f3n de N\u00f3vgorod. Lavrov asegur\u00f3 que todos los aparatos fueron interceptados y destruidos por los sistemas de defensa a\u00e9rea, sin que se registraran v\u00edctimas ni da\u00f1os materiales, incluidos los ocasionados por [&hellip;]<\/p>\n","protected":false},"author":2,"featured_media":188995,"comment_status":"closed","ping_status":"closed","sticky":false,"template":"","format":"standard","meta":{"_monsterinsights_skip_tracking":false,"_monsterinsights_sitenote_active":false,"_monsterinsights_sitenote_note":"","_monsterinsights_sitenote_category":0,"footnotes":""},"categories":[44],"tags":[],"class_list":["post-188994","post","type-post","status-publish","format-standard","has-post-thumbnail","hentry","category-internacional","post--single"],"_links":{"self":[{"href":"https:\/\/canal7slp.tv\/2026\/wp-json\/wp\/v2\/posts\/188994","targetHints":{"allow":["GET"]}}],"collection":[{"href":"https:\/\/canal7slp.tv\/2026\/wp-json\/wp\/v2\/posts"}],"about":[{"href":"https:\/\/canal7slp.tv\/2026\/wp-json\/wp\/v2\/types\/post"}],"author":[{"embeddable":true,"href":"https:\/\/canal7slp.tv\/2026\/wp-json\/wp\/v2\/users\/2"}],"replies":[{"embeddable":true,"href":"https:\/\/canal7slp.tv\/2026\/wp-json\/wp\/v2\/comments?post=188994"}],"version-history":[{"count":1,"href":"https:\/\/canal7slp.tv\/2026\/wp-json\/wp\/v2\/posts\/188994\/revisions"}],"predecessor-version":[{"id":188996,"href":"https:\/\/canal7slp.tv\/2026\/wp-json\/wp\/v2\/posts\/188994\/revisions\/188996"}],"wp:featuredmedia":[{"embeddable":true,"href":"https:\/\/canal7slp.tv\/2026\/wp-json\/wp\/v2\/media\/188995"}],"wp:attachment":[{"href":"https:\/\/canal7slp.tv\/2026\/wp-json\/wp\/v2\/media?parent=188994"}],"wp:term":[{"taxonomy":"category","embeddable":true,"href":"https:\/\/canal7slp.tv\/2026\/wp-json\/wp\/v2\/categories?post=188994"},{"taxonomy":"post_tag","embeddable":true,"href":"https:\/\/canal7slp.tv\/2026\/wp-json\/wp\/v2\/tags?post=188994"}],"curies":[{"name":"wp","href":"https:\/\/api.w.org\/{rel}","templated":true}]}}