{"id":188924,"date":"2025-12-27T15:15:06","date_gmt":"2025-12-27T21:15:06","guid":{"rendered":"https:\/\/canal7slp.tv\/2026\/?p=188924"},"modified":"2025-12-27T15:26:57","modified_gmt":"2025-12-27T21:26:57","slug":"desempleo-en-mexico-sube-a-2-7-en-noviembre-inegi","status":"publish","type":"post","link":"https:\/\/canal7slp.tv\/2026\/desempleo-en-mexico-sube-a-2-7-en-noviembre-inegi\/","title":{"rendered":"Desempleo en M\u00e9xico sube a 2.7% en noviembre: Inegi"},"content":{"rendered":"<p style=\"text-align: justify;\">M\u00e9xico.- El Instituto Nacional de Estad\u00edstica y Geograf\u00eda (Inegi) inform\u00f3 que la tasa de desocupaci\u00f3n en M\u00e9xico se situ\u00f3 en 2.7% de la Poblaci\u00f3n Econ\u00f3micamente Activa (PEA) en noviembre de 2025. Este dato representa un incremento marginal frente al 2.6% registrado en el mismo mes del a\u00f1o anterior.<\/p>\n<p style=\"text-align: justify;\">En cifras absolutas, la poblaci\u00f3n desocupada fue de 1.6 millones de personas, lo que implica un aumento de 11 mil personas en comparaci\u00f3n con noviembre de 2024.<\/p>\n<p style=\"text-align: justify;\">La PEA, conformada por personas de 15 a\u00f1os y m\u00e1s, sum\u00f3 61.5 millones, con una tasa de participaci\u00f3n econ\u00f3mica del 59%. La poblaci\u00f3n ocupada alcanz\u00f3 los 59.8 millones, registrando una disminuci\u00f3n de 163 mil personas respecto al a\u00f1o anterior.<\/p>\n<p style=\"text-align: justify;\">Un dato positivo fue la reducci\u00f3n en la subocupaci\u00f3n. Las personas que declararon tener necesidad y disponibilidad para trabajar m\u00e1s horas fueron 4.3 millones (7.2% de la poblaci\u00f3n ocupada), aproximadamente un mill\u00f3n menos que en noviembre de 2024, cuando la tasa fue de 8.9%.<\/p>\n<p style=\"text-align: justify;\">La tasa de informalidad laboral se ubic\u00f3 en 54.8%, equivalente a 32.8 millones de personas. Por otro lado, la ocupaci\u00f3n espec\u00edficamente en el sector informal fue de 17.5 millones, representando el 29.3% de la poblaci\u00f3n ocupada.<\/p>\n<p style=\"text-align: justify;\">El indicador de condiciones cr\u00edticas de ocupaci\u00f3n, que mide inserciones laborales con ingresos o jornadas inadecuadas, se situ\u00f3 en 37.5%, mostrando un aumento frente al 34.5% del mismo periodo del a\u00f1o previo.<\/p>\n<p style=\"text-align: justify;\">El sector servicios concentr\u00f3 la mayor proporci\u00f3n de la poblaci\u00f3n ocupada (44.2%), seguido por el comercio (19.7%), la industria manufacturera (16.2%), las actividades agropecuarias (10.4%) y la construcci\u00f3n (7.9%).<\/p>\n<p style=\"text-align: justify;\">En cuanto a la participaci\u00f3n por g\u00e9nero, la PEA femenina fue de 24.3 millones (tasa de participaci\u00f3n del 45.1%) y la masculina de 35.5 millones (tasa del 74.6%). Ambos indicadores mostraron una leve disminuci\u00f3n frente a los niveles de noviembre de 2024.<\/p>\n","protected":false},"excerpt":{"rendered":"<p>M\u00e9xico.- El Instituto Nacional de Estad\u00edstica y Geograf\u00eda (Inegi) inform\u00f3 que la tasa de desocupaci\u00f3n en M\u00e9xico se situ\u00f3 en 2.7% de la Poblaci\u00f3n Econ\u00f3micamente Activa (PEA) en noviembre de 2025. Este dato representa un incremento marginal frente al 2.6% registrado en el mismo mes del a\u00f1o anterior. En cifras absolutas, la poblaci\u00f3n desocupada fue de 1.6 millones de personas, lo que implica un aumento de 11 mil personas en comparaci\u00f3n con noviembre de 2024. La PEA, conformada por personas de 15 a\u00f1os y m\u00e1s, sum\u00f3 61.5 millones, con una tasa de participaci\u00f3n econ\u00f3mica del 59%. La poblaci\u00f3n ocupada alcanz\u00f3 [&hellip;]<\/p>\n","protected":false},"author":2,"featured_media":188925,"comment_status":"closed","ping_status":"closed","sticky":false,"template":"","format":"standard","meta":{"_monsterinsights_skip_tracking":false,"_monsterinsights_sitenote_active":false,"_monsterinsights_sitenote_note":"","_monsterinsights_sitenote_category":0,"footnotes":""},"categories":[40,46],"tags":[],"class_list":["post-188924","post","type-post","status-publish","format-standard","has-post-thumbnail","hentry","category-economia","category-nacional","post--single"],"_links":{"self":[{"href":"https:\/\/canal7slp.tv\/2026\/wp-json\/wp\/v2\/posts\/188924","targetHints":{"allow":["GET"]}}],"collection":[{"href":"https:\/\/canal7slp.tv\/2026\/wp-json\/wp\/v2\/posts"}],"about":[{"href":"https:\/\/canal7slp.tv\/2026\/wp-json\/wp\/v2\/types\/post"}],"author":[{"embeddable":true,"href":"https:\/\/canal7slp.tv\/2026\/wp-json\/wp\/v2\/users\/2"}],"replies":[{"embeddable":true,"href":"https:\/\/canal7slp.tv\/2026\/wp-json\/wp\/v2\/comments?post=188924"}],"version-history":[{"count":2,"href":"https:\/\/canal7slp.tv\/2026\/wp-json\/wp\/v2\/posts\/188924\/revisions"}],"predecessor-version":[{"id":188927,"href":"https:\/\/canal7slp.tv\/2026\/wp-json\/wp\/v2\/posts\/188924\/revisions\/188927"}],"wp:featuredmedia":[{"embeddable":true,"href":"https:\/\/canal7slp.tv\/2026\/wp-json\/wp\/v2\/media\/188925"}],"wp:attachment":[{"href":"https:\/\/canal7slp.tv\/2026\/wp-json\/wp\/v2\/media?parent=188924"}],"wp:term":[{"taxonomy":"category","embeddable":true,"href":"https:\/\/canal7slp.tv\/2026\/wp-json\/wp\/v2\/categories?post=188924"},{"taxonomy":"post_tag","embeddable":true,"href":"https:\/\/canal7slp.tv\/2026\/wp-json\/wp\/v2\/tags?post=188924"}],"curies":[{"name":"wp","href":"https:\/\/api.w.org\/{rel}","templated":true}]}}