{"id":188849,"date":"2025-12-26T21:23:45","date_gmt":"2025-12-27T03:23:45","guid":{"rendered":"https:\/\/canal7slp.tv\/2026\/?p=188849"},"modified":"2025-12-26T21:23:45","modified_gmt":"2025-12-27T03:23:45","slug":"arquidiocesis-de-san-luis-potosi-realizo-el-culmen-del-ano-jubilar-2025","status":"publish","type":"post","link":"https:\/\/canal7slp.tv\/2026\/arquidiocesis-de-san-luis-potosi-realizo-el-culmen-del-ano-jubilar-2025\/","title":{"rendered":"Arquidi\u00f3cesis de San Luis Potos\u00ed realiz\u00f3 el Culmen del A\u00f1o Jubilar 2025"},"content":{"rendered":"<p style=\"text-align: justify;\"><span style=\"font-size: 1.21429rem;\">SLP.- La Arquidi\u00f3cesis de San Luis Potos\u00ed llev\u00f3 a cabo el Culmen del A\u00f1o Jubilar, una jornada que reuni\u00f3 a fieles de distintos decanatos y marc\u00f3 el cierre formal de este periodo pastoral a nivel diocesano.<\/span><\/p>\n<p style=\"text-align: justify;\">Las actividades comenzaron con la llegada de los contingentes al Santuario de Guadalupe y la procesi\u00f3n jubilar con destino al Domo, donde se desarrollaron los momentos centrales del encuentro.<\/p>\n<p style=\"text-align: justify;\">Durante el cierre, se realizaron el rezo del Santo Rosario, la oraci\u00f3n solemne por las vocaciones y la bendici\u00f3n eucar\u00edstica con el Sant\u00edsimo Sacramento.<\/p>\n<p style=\"text-align: justify;\">En el marco del evento, el arzobispo de San Luis Potos\u00ed, Jorge Alberto Cavazos Arizpe, dirigi\u00f3 un mensaje a los asistentes, en el que destac\u00f3 el sentido del A\u00f1o Jubilar y el llamado a vivir la esperanza en la vida cotidiana.<\/p>\n<p style=\"text-align: justify;\">\u201cEstamos muy contentos por la obra de la redenci\u00f3n, muy agradecidos porque el papa de feliz memoria, Francisco, nos invit\u00f3 a vivir este a\u00f1o que estamos ya llegando a su fin, estamos culmin\u00e1ndolo\u00bb, dijo.<\/p>\n<p style=\"text-align: justify;\">En su mensaje, subray\u00f3 el car\u00e1cter espiritual del jubileo y la responsabilidad de la comunidad creyente.<\/p>\n<p style=\"text-align: justify;\">\u201cEl Papa Francisco nos invitaba a ser peregrinos de esperanza y definitivamente que un creyente como nosotros, no podemos dejar de ser personas que peregrinando en el mundo demos esperanza\u00bb, agreg\u00f3.<\/p>\n<p style=\"text-align: justify;\">Durante su reflexi\u00f3n, enfatiz\u00f3 el valor de la esperanza cristiana como una fuerza sostenida en la fe y el amor de Dios.<\/p>\n<p style=\"text-align: justify;\">\u201cPorque la esperanza es una fuerza muy especial que se alimenta con la fe, se alimenta con el amor de Dios y por eso la esperanza cristiana, no defrauda, y debemos siempre renovar esa esperanza cada d\u00eda de nuestra vida\u00bb, sostuvo.<\/p>\n<p style=\"text-align: justify;\">Asimismo, hizo referencia a la importancia de los a\u00f1os jubilares como momentos significativos en la vida de la Iglesia: \u201cComo iglesia necesitamos tiempos fuertes para fortalecer nuestra fe y nuestra esperanza. Por eso cada 25 a\u00f1os, explicaba el papa, debemos vivir esta experiencia jubilar.\u201d<\/p>\n<p style=\"text-align: justify;\">Continu\u00f3: \u201cEl papa expresaba eso como lo estamos viviendo hoy aqu\u00ed, llegando a un momento muy especial de nuestro a\u00f1o jubilar peregrino de esperanza y por eso pues nos da bastante gusto que ahora en tiempos de vacaci\u00f3n tambi\u00e9n podamos reunirnos as\u00ed como iglesia para agradecerle a Dios\u00bb.<\/p>\n<p style=\"text-align: justify;\">Finalmente, hizo un llamado a la gratitud y al fortalecimiento espiritual de la comunidad.<\/p>\n<p style=\"text-align: justify;\">\u201cYo les invito a eso a que nunca se olvide tu coraz\u00f3n de agradecerle a Dios porque bien sabemos de qui\u00e9n viene todo el poder, bien sabemos de qui\u00e9n viene toda la alegr\u00eda, bien sabemos de qui\u00e9n viene la paz, la armon\u00eda, el consuelo que todos necesitamos, por eso queridos hermanos pues que esta oportunidad de reunirnos especialmente nos fortalezca para ir adelante en el camino de nuestra vida\u00bb, termin\u00f3.<\/p>\n<p>Por: Jos\u00e9 Luis V\u00e1zquez<\/p>\n","protected":false},"excerpt":{"rendered":"<p>SLP.- La Arquidi\u00f3cesis de San Luis Potos\u00ed llev\u00f3 a cabo el Culmen del A\u00f1o Jubilar, una jornada que reuni\u00f3 a fieles de distintos decanatos y marc\u00f3 el cierre formal de este periodo pastoral a nivel diocesano. Las actividades comenzaron con la llegada de los contingentes al Santuario de Guadalupe y la procesi\u00f3n jubilar con destino al Domo, donde se desarrollaron los momentos centrales del encuentro. Durante el cierre, se realizaron el rezo del Santo Rosario, la oraci\u00f3n solemne por las vocaciones y la bendici\u00f3n eucar\u00edstica con el Sant\u00edsimo Sacramento. En el marco del evento, el arzobispo de San Luis Potos\u00ed, [&hellip;]<\/p>\n","protected":false},"author":2,"featured_media":188886,"comment_status":"closed","ping_status":"closed","sticky":false,"template":"","format":"video","meta":{"_monsterinsights_skip_tracking":false,"_monsterinsights_sitenote_active":false,"_monsterinsights_sitenote_note":"","_monsterinsights_sitenote_category":0,"footnotes":""},"categories":[5,45],"tags":[],"class_list":["post-188849","post","type-post","status-publish","format-video","has-post-thumbnail","hentry","category-destacadas","category-localesyregionales","post_format-post-format-video","post--single"],"_links":{"self":[{"href":"https:\/\/canal7slp.tv\/2026\/wp-json\/wp\/v2\/posts\/188849","targetHints":{"allow":["GET"]}}],"collection":[{"href":"https:\/\/canal7slp.tv\/2026\/wp-json\/wp\/v2\/posts"}],"about":[{"href":"https:\/\/canal7slp.tv\/2026\/wp-json\/wp\/v2\/types\/post"}],"author":[{"embeddable":true,"href":"https:\/\/canal7slp.tv\/2026\/wp-json\/wp\/v2\/users\/2"}],"replies":[{"embeddable":true,"href":"https:\/\/canal7slp.tv\/2026\/wp-json\/wp\/v2\/comments?post=188849"}],"version-history":[{"count":2,"href":"https:\/\/canal7slp.tv\/2026\/wp-json\/wp\/v2\/posts\/188849\/revisions"}],"predecessor-version":[{"id":188887,"href":"https:\/\/canal7slp.tv\/2026\/wp-json\/wp\/v2\/posts\/188849\/revisions\/188887"}],"wp:featuredmedia":[{"embeddable":true,"href":"https:\/\/canal7slp.tv\/2026\/wp-json\/wp\/v2\/media\/188886"}],"wp:attachment":[{"href":"https:\/\/canal7slp.tv\/2026\/wp-json\/wp\/v2\/media?parent=188849"}],"wp:term":[{"taxonomy":"category","embeddable":true,"href":"https:\/\/canal7slp.tv\/2026\/wp-json\/wp\/v2\/categories?post=188849"},{"taxonomy":"post_tag","embeddable":true,"href":"https:\/\/canal7slp.tv\/2026\/wp-json\/wp\/v2\/tags?post=188849"}],"curies":[{"name":"wp","href":"https:\/\/api.w.org\/{rel}","templated":true}]}}