{"id":188797,"date":"2025-12-26T14:04:34","date_gmt":"2025-12-26T20:04:34","guid":{"rendered":"https:\/\/canal7slp.tv\/2026\/?p=188797"},"modified":"2025-12-26T14:04:34","modified_gmt":"2025-12-26T20:04:34","slug":"pt-propone-prohibir-celulares-en-escuelas-de-educacion-basica","status":"publish","type":"post","link":"https:\/\/canal7slp.tv\/2026\/pt-propone-prohibir-celulares-en-escuelas-de-educacion-basica\/","title":{"rendered":"PT propone prohibir celulares en escuelas de educaci\u00f3n b\u00e1sica"},"content":{"rendered":"<p style=\"text-align: justify;\">\n<p style=\"text-align: justify;\">M\u00e9xico.- El senador Alberto Anaya Guti\u00e9rrez, coordinador del Partido del Trabajo (PT) en el Senado, present\u00f3 una iniciativa para reformar la Ley General de Educaci\u00f3n con el fin de prohibir el uso de tel\u00e9fonos celulares y otros dispositivos m\u00f3viles durante la jornada escolar en los niveles de educaci\u00f3n b\u00e1sica.<\/p>\n<p style=\"text-align: justify;\">La propuesta plantea modificar el art\u00edculo 84 de la ley para restringir el uso de celulares, tabletas electr\u00f3nicas, relojes inteligentes y cualquier otro dispositivo m\u00f3vil dentro de los planteles educativos, salvo en casos de emergencia o cuando existan necesidades educativas especiales debidamente justificadas. De acuerdo con el proyecto, el personal docente y directivo estar\u00eda facultado para retener los dispositivos durante el horario escolar y devolverlos al t\u00e9rmino de la jornada.<\/p>\n<p style=\"text-align: justify;\">Al presentar la iniciativa en tribuna, Anaya Guti\u00e9rrez argument\u00f3 que la medida responde al uso indiscriminado de dispositivos m\u00f3viles en las aulas, fen\u00f3meno que, dijo, afecta la atenci\u00f3n de los estudiantes, la convivencia escolar y el objetivo formativo del entorno educativo.<\/p>\n<p style=\"text-align: justify;\">El legislador sostuvo que la intenci\u00f3n es recuperar la escuela como un espacio de atenci\u00f3n plena, reflexi\u00f3n y desarrollo humano integral, fortaleciendo la concentraci\u00f3n, la lectura, el pensamiento cr\u00edtico y la interacci\u00f3n directa entre alumnos y docentes. Asimismo, se\u00f1al\u00f3 que establecer l\u00edmites claros al uso de la tecnolog\u00eda contribuir\u00eda a proteger el derecho de la ni\u00f1ez a una educaci\u00f3n de calidad en un entorno sano y equilibrado, adem\u00e1s de reducir riesgos como el ciberacoso, la exposici\u00f3n a contenidos inapropiados y la dependencia a la conectividad constante.<\/p>\n<p style=\"text-align: justify;\">Anaya Guti\u00e9rrez aclar\u00f3 que la iniciativa no pretende frenar el avance tecnol\u00f3gico, sino asegurar que la tecnolog\u00eda funcione como una herramienta complementaria en el proceso educativo y no como un sustituto de la interacci\u00f3n humana en el aula.<\/p>\n<p style=\"text-align: justify;\">La propuesta fue turnada a las Comisiones Unidas de Educaci\u00f3n y de Estudios Legislativos para su an\u00e1lisis y eventual dictaminaci\u00f3n.<\/p>\n","protected":false},"excerpt":{"rendered":"<p>M\u00e9xico.- El senador Alberto Anaya Guti\u00e9rrez, coordinador del Partido del Trabajo (PT) en el Senado, present\u00f3 una iniciativa para reformar la Ley General de Educaci\u00f3n con el fin de prohibir el uso de tel\u00e9fonos celulares y otros dispositivos m\u00f3viles durante la jornada escolar en los niveles de educaci\u00f3n b\u00e1sica. La propuesta plantea modificar el art\u00edculo 84 de la ley para restringir el uso de celulares, tabletas electr\u00f3nicas, relojes inteligentes y cualquier otro dispositivo m\u00f3vil dentro de los planteles educativos, salvo en casos de emergencia o cuando existan necesidades educativas especiales debidamente justificadas. De acuerdo con el proyecto, el personal docente [&hellip;]<\/p>\n","protected":false},"author":2,"featured_media":188798,"comment_status":"closed","ping_status":"closed","sticky":false,"template":"","format":"standard","meta":{"_monsterinsights_skip_tracking":false,"_monsterinsights_sitenote_active":false,"_monsterinsights_sitenote_note":"","_monsterinsights_sitenote_category":0,"footnotes":""},"categories":[46],"tags":[],"class_list":["post-188797","post","type-post","status-publish","format-standard","has-post-thumbnail","hentry","category-nacional","post--single"],"_links":{"self":[{"href":"https:\/\/canal7slp.tv\/2026\/wp-json\/wp\/v2\/posts\/188797","targetHints":{"allow":["GET"]}}],"collection":[{"href":"https:\/\/canal7slp.tv\/2026\/wp-json\/wp\/v2\/posts"}],"about":[{"href":"https:\/\/canal7slp.tv\/2026\/wp-json\/wp\/v2\/types\/post"}],"author":[{"embeddable":true,"href":"https:\/\/canal7slp.tv\/2026\/wp-json\/wp\/v2\/users\/2"}],"replies":[{"embeddable":true,"href":"https:\/\/canal7slp.tv\/2026\/wp-json\/wp\/v2\/comments?post=188797"}],"version-history":[{"count":1,"href":"https:\/\/canal7slp.tv\/2026\/wp-json\/wp\/v2\/posts\/188797\/revisions"}],"predecessor-version":[{"id":188799,"href":"https:\/\/canal7slp.tv\/2026\/wp-json\/wp\/v2\/posts\/188797\/revisions\/188799"}],"wp:featuredmedia":[{"embeddable":true,"href":"https:\/\/canal7slp.tv\/2026\/wp-json\/wp\/v2\/media\/188798"}],"wp:attachment":[{"href":"https:\/\/canal7slp.tv\/2026\/wp-json\/wp\/v2\/media?parent=188797"}],"wp:term":[{"taxonomy":"category","embeddable":true,"href":"https:\/\/canal7slp.tv\/2026\/wp-json\/wp\/v2\/categories?post=188797"},{"taxonomy":"post_tag","embeddable":true,"href":"https:\/\/canal7slp.tv\/2026\/wp-json\/wp\/v2\/tags?post=188797"}],"curies":[{"name":"wp","href":"https:\/\/api.w.org\/{rel}","templated":true}]}}