{"id":188782,"date":"2025-12-24T17:05:10","date_gmt":"2025-12-24T23:05:10","guid":{"rendered":"https:\/\/canal7slp.tv\/2026\/?p=188782"},"modified":"2025-12-24T17:05:10","modified_gmt":"2025-12-24T23:05:10","slug":"incompetencia-de-gobierno-federal-genero-falta-de-licencias-y-permisos-de-circulacion-canacar","status":"publish","type":"post","link":"https:\/\/canal7slp.tv\/2026\/incompetencia-de-gobierno-federal-genero-falta-de-licencias-y-permisos-de-circulacion-canacar\/","title":{"rendered":"Incompetencia de Gobierno Federal gener\u00f3 falta de licencias y permisos de circulaci\u00f3n: CANACAR"},"content":{"rendered":"<p style=\"text-align: justify;\">SLP.- La actual Secretar\u00eda de Infraestructura Comunicaciones y Transportes del Gobierno Federal no ha estado a la altura para expedir documentos como licencias y permisos de circulaci\u00f3n a veh\u00edculos quinta rueda, tur\u00edsticos y de carga, as\u00ed lo hizo saber el sub delegado de la C\u00e1mara Nacional del Autotransporte de Carga en San Luis Potos\u00ed, Norberto Cueto Garc\u00eda.<\/p>\n<p style=\"text-align: justify;\">\u201cS\u00ed realmente creo que es un tema de transici\u00f3n administrativa en la Secretar\u00eda, si hay algunos temas ah\u00ed de retraso en citas m\u00e9dicas para las licencias de los operadores\u201d.<\/p>\n<p style=\"text-align: justify;\">La falta de materiales es otra de las problem\u00e1ticas.<\/p>\n<p style=\"text-align: justify;\">\u201cEn algunas localidades f\u00edjate que hay problemas de que n hab\u00eda placas, ahorita de hecho se expidi\u00f3 de manera emergente un permiso para poder circular sin placas\u201d.<\/p>\n<p style=\"text-align: justify;\">La inoperatividad de la SICT tiene sus consecuencias.<\/p>\n<p style=\"text-align: justify;\">\u201cPor ejemplo el tener un veh\u00edculo nuevo y sin placas, \u00bfc\u00f3mo lo pones a trabajar?, por otro lado tienes operadores y no tienen la licencia vigente pues tambi\u00e9n nos meten en un problema, sobre todo en el tema de seguros, el cumplimiento con otras autoridades\u201d.<\/p>\n<p style=\"text-align: justify;\">Si bien asegur\u00f3 no se cuenta con cifras exactas, si tiene conocimiento de operadores de transporte afectados.<\/p>\n<p style=\"text-align: justify;\">\u201cNo, no traemos ahorita un dato que pudi\u00e9ramos decirte un porcentaje, sin embargo si he sabido que hay algunas empresas que tienen 10, 15 operadores pendientes de licencia, entonces esto pues dependiendo de la asociaci\u00f3n, pues en algunos puede ser un poquito m\u00e1s grave\u201d.<\/p>\n<p style=\"text-align: justify;\">Por: Juan Carlos Contreras<\/p>\n","protected":false},"excerpt":{"rendered":"<p>SLP.- La actual Secretar\u00eda de Infraestructura Comunicaciones y Transportes del Gobierno Federal no ha estado a la altura para expedir documentos como licencias y permisos de circulaci\u00f3n a veh\u00edculos quinta rueda, tur\u00edsticos y de carga, as\u00ed lo hizo saber el sub delegado de la C\u00e1mara Nacional del Autotransporte de Carga en San Luis Potos\u00ed, Norberto Cueto Garc\u00eda. \u201cS\u00ed realmente creo que es un tema de transici\u00f3n administrativa en la Secretar\u00eda, si hay algunos temas ah\u00ed de retraso en citas m\u00e9dicas para las licencias de los operadores\u201d. La falta de materiales es otra de las problem\u00e1ticas. \u201cEn algunas localidades f\u00edjate que [&hellip;]<\/p>\n","protected":false},"author":2,"featured_media":188784,"comment_status":"closed","ping_status":"closed","sticky":false,"template":"","format":"video","meta":{"_monsterinsights_skip_tracking":false,"_monsterinsights_sitenote_active":false,"_monsterinsights_sitenote_note":"","_monsterinsights_sitenote_category":0,"footnotes":""},"categories":[5,45],"tags":[],"class_list":["post-188782","post","type-post","status-publish","format-video","has-post-thumbnail","hentry","category-destacadas","category-localesyregionales","post_format-post-format-video","post--single"],"_links":{"self":[{"href":"https:\/\/canal7slp.tv\/2026\/wp-json\/wp\/v2\/posts\/188782","targetHints":{"allow":["GET"]}}],"collection":[{"href":"https:\/\/canal7slp.tv\/2026\/wp-json\/wp\/v2\/posts"}],"about":[{"href":"https:\/\/canal7slp.tv\/2026\/wp-json\/wp\/v2\/types\/post"}],"author":[{"embeddable":true,"href":"https:\/\/canal7slp.tv\/2026\/wp-json\/wp\/v2\/users\/2"}],"replies":[{"embeddable":true,"href":"https:\/\/canal7slp.tv\/2026\/wp-json\/wp\/v2\/comments?post=188782"}],"version-history":[{"count":1,"href":"https:\/\/canal7slp.tv\/2026\/wp-json\/wp\/v2\/posts\/188782\/revisions"}],"predecessor-version":[{"id":188785,"href":"https:\/\/canal7slp.tv\/2026\/wp-json\/wp\/v2\/posts\/188782\/revisions\/188785"}],"wp:featuredmedia":[{"embeddable":true,"href":"https:\/\/canal7slp.tv\/2026\/wp-json\/wp\/v2\/media\/188784"}],"wp:attachment":[{"href":"https:\/\/canal7slp.tv\/2026\/wp-json\/wp\/v2\/media?parent=188782"}],"wp:term":[{"taxonomy":"category","embeddable":true,"href":"https:\/\/canal7slp.tv\/2026\/wp-json\/wp\/v2\/categories?post=188782"},{"taxonomy":"post_tag","embeddable":true,"href":"https:\/\/canal7slp.tv\/2026\/wp-json\/wp\/v2\/tags?post=188782"}],"curies":[{"name":"wp","href":"https:\/\/api.w.org\/{rel}","templated":true}]}}