{"id":188744,"date":"2025-12-24T15:59:03","date_gmt":"2025-12-24T21:59:03","guid":{"rendered":"https:\/\/canal7slp.tv\/2026\/?p=188744"},"modified":"2025-12-24T15:59:03","modified_gmt":"2025-12-24T21:59:03","slug":"ue-condena-las-prohibiciones-de-visa-de-eua-a-defensores-de-la-libertad-de-expresion","status":"publish","type":"post","link":"https:\/\/canal7slp.tv\/2026\/ue-condena-las-prohibiciones-de-visa-de-eua-a-defensores-de-la-libertad-de-expresion\/","title":{"rendered":"UE condena las prohibiciones de visa de EUA a defensores de la libertad de expresi\u00f3n"},"content":{"rendered":"<p style=\"text-align: justify;\">Bruselas.- La Uni\u00f3n Europea, junto con Francia y Alemania, ha condenado las recientes prohibiciones de visa impuestas por Estados Unidos a ciudadanos europeos que luchan contra el odio y la desinformaci\u00f3n en Internet. Bruselas advirti\u00f3 que podr\u00eda responder \u201cr\u00e1pida y decididamente\u201d a estas \u201cmedidas injustificadas\u201d.<\/p>\n<p style=\"text-align: justify;\">La administraci\u00f3n del presidente Donald Trump anunci\u00f3 el martes la prohibici\u00f3n de visa a cinco europeos, incluido el excomisario comunitario Thierry Breton, acus\u00e1ndolos de censurar la libertad de expresi\u00f3n y de imponer regulaciones excesivas a las empresas tecnol\u00f3gicas estadounidenses. Un portavoz de la Comisi\u00f3n Europea expres\u00f3 una fuerte condena a esta decisi\u00f3n, subrayando que la libertad de expresi\u00f3n es un derecho fundamental en Europa y un valor compartido con Estados Unidos.<\/p>\n<p style=\"text-align: justify;\">Estas prohibiciones podr\u00edan intensificar las tensiones entre Washington y varias capitales europeas sobre temas como la libertad de expresi\u00f3n, la defensa y la pol\u00edtica comercial. La medida se produce poco despu\u00e9s de que un documento de la Estrategia de Seguridad Nacional de EE. UU. advirtiera sobre un \u201cborrado civilizacional\u201d en Europa.<\/p>\n<p style=\"text-align: justify;\">Breton, quien fue uno de los arquitectos de la Ley de Servicios Digitales de la UE (DSA), ha sido un blanco particular debido a su papel en la regulaci\u00f3n de la seguridad en l\u00ednea, que ha generado descontento en EE. UU. La DSA busca aumentar la seguridad de Internet obligando a las plataformas tecnol\u00f3gicas a combatir contenidos ilegales, incluyendo discursos de odio.<\/p>\n<p style=\"text-align: justify;\">Entre los afectados por las prohibiciones tambi\u00e9n se encuentran Imran Ahmed, director del Center for Countering Digital Hate, y activistas de la organizaci\u00f3n alemana HateAid. La subsecretaria estadounidense de Diplomacia P\u00fablica, Sarah Rogers, anunci\u00f3 las sanciones.<\/p>\n<p style=\"text-align: justify;\">El portavoz de la Comisi\u00f3n Europea reafirm\u00f3 el derecho del bloque a regular la actividad econ\u00f3mica y solicit\u00f3 m\u00e1s informaci\u00f3n a EE. UU. sobre las medidas. El presidente franc\u00e9s, Emmanuel Macron, calific\u00f3 las prohibiciones como \u201cintimidaci\u00f3n\u201d que socava la soberan\u00eda digital europea, y Breton destac\u00f3 el apoyo un\u00e1nime del Parlamento Europeo a la DSA.<\/p>\n<p style=\"text-align: justify;\">El Ministerio de Justicia alem\u00e1n expres\u00f3 su solidaridad con los activistas afectados y rechaz\u00f3 las acusaciones de censura, afirmando que las normas para el espacio digital en Europa no se deciden en Washington.<\/p>\n<p style=\"text-align: justify;\">\n","protected":false},"excerpt":{"rendered":"<p>Bruselas.- La Uni\u00f3n Europea, junto con Francia y Alemania, ha condenado las recientes prohibiciones de visa impuestas por Estados Unidos a ciudadanos europeos que luchan contra el odio y la desinformaci\u00f3n en Internet. Bruselas advirti\u00f3 que podr\u00eda responder \u201cr\u00e1pida y decididamente\u201d a estas \u201cmedidas injustificadas\u201d. La administraci\u00f3n del presidente Donald Trump anunci\u00f3 el martes la prohibici\u00f3n de visa a cinco europeos, incluido el excomisario comunitario Thierry Breton, acus\u00e1ndolos de censurar la libertad de expresi\u00f3n y de imponer regulaciones excesivas a las empresas tecnol\u00f3gicas estadounidenses. Un portavoz de la Comisi\u00f3n Europea expres\u00f3 una fuerte condena a esta decisi\u00f3n, subrayando que la [&hellip;]<\/p>\n","protected":false},"author":2,"featured_media":188745,"comment_status":"closed","ping_status":"closed","sticky":false,"template":"","format":"standard","meta":{"_monsterinsights_skip_tracking":false,"_monsterinsights_sitenote_active":false,"_monsterinsights_sitenote_note":"","_monsterinsights_sitenote_category":0,"footnotes":""},"categories":[44],"tags":[],"class_list":["post-188744","post","type-post","status-publish","format-standard","has-post-thumbnail","hentry","category-internacional","post--single"],"_links":{"self":[{"href":"https:\/\/canal7slp.tv\/2026\/wp-json\/wp\/v2\/posts\/188744","targetHints":{"allow":["GET"]}}],"collection":[{"href":"https:\/\/canal7slp.tv\/2026\/wp-json\/wp\/v2\/posts"}],"about":[{"href":"https:\/\/canal7slp.tv\/2026\/wp-json\/wp\/v2\/types\/post"}],"author":[{"embeddable":true,"href":"https:\/\/canal7slp.tv\/2026\/wp-json\/wp\/v2\/users\/2"}],"replies":[{"embeddable":true,"href":"https:\/\/canal7slp.tv\/2026\/wp-json\/wp\/v2\/comments?post=188744"}],"version-history":[{"count":1,"href":"https:\/\/canal7slp.tv\/2026\/wp-json\/wp\/v2\/posts\/188744\/revisions"}],"predecessor-version":[{"id":188746,"href":"https:\/\/canal7slp.tv\/2026\/wp-json\/wp\/v2\/posts\/188744\/revisions\/188746"}],"wp:featuredmedia":[{"embeddable":true,"href":"https:\/\/canal7slp.tv\/2026\/wp-json\/wp\/v2\/media\/188745"}],"wp:attachment":[{"href":"https:\/\/canal7slp.tv\/2026\/wp-json\/wp\/v2\/media?parent=188744"}],"wp:term":[{"taxonomy":"category","embeddable":true,"href":"https:\/\/canal7slp.tv\/2026\/wp-json\/wp\/v2\/categories?post=188744"},{"taxonomy":"post_tag","embeddable":true,"href":"https:\/\/canal7slp.tv\/2026\/wp-json\/wp\/v2\/tags?post=188744"}],"curies":[{"name":"wp","href":"https:\/\/api.w.org\/{rel}","templated":true}]}}