{"id":188726,"date":"2025-12-24T16:24:59","date_gmt":"2025-12-24T22:24:59","guid":{"rendered":"https:\/\/canal7slp.tv\/2026\/?p=188726"},"modified":"2025-12-24T16:28:19","modified_gmt":"2025-12-24T22:28:19","slug":"fiscalia-de-slp-busca-incorporar-hasta-100-nuevos-policias-y-personal-del-ministerio-publico","status":"publish","type":"post","link":"https:\/\/canal7slp.tv\/2026\/fiscalia-de-slp-busca-incorporar-hasta-100-nuevos-policias-y-personal-del-ministerio-publico\/","title":{"rendered":"Fiscal\u00eda de SLP busca incorporar hasta 100 nuevos polic\u00edas y personal del ministerio p\u00fablico"},"content":{"rendered":"<p style=\"text-align: justify;\"><span style=\"font-size: 1.21429rem;\">SLP.- La Fiscal\u00eda General del Estado mantiene abierta la convocatoria para reforzar sus \u00e1reas operativas con nuevos elementos del Ministerio P\u00fablico y de la Polic\u00eda de Investigaci\u00f3n.<\/span><\/p>\n<p style=\"text-align: justify;\">El objetivo es contar con personal suficiente y generar una reserva que permita futuras contrataciones conforme a los resultados del proceso de selecci\u00f3n.<\/p>\n<p style=\"text-align: justify;\">De acuerdo con lo expuesto por la titular de la instituci\u00f3n, Manuela Garc\u00eda C\u00e1zares, la expectativa es incorporar alrededor de un centenar de nuevos polic\u00edas, aunque el n\u00famero final depender\u00e1 del desempe\u00f1o de quienes se inscriban y cumplan con los requisitos establecidos.<\/p>\n<p style=\"text-align: justify;\">\u201cTener alrededor de 100 nuevos polic\u00edas&#8230; Bueno, lo que pasa es que ah\u00ed la convocatoria est\u00e1 abierta. Nosotros esperamos que tanto inscriba personal suficiente que nos deje reserva, tanto del Ministerio P\u00fablico como de Polic\u00eda\u00bb, dijo<\/p>\n<p style=\"text-align: justify;\">Explic\u00f3 que, aunque se ha registrado inter\u00e9s por parte de aspirantes, el periodo decembrino suele dificultar la difusi\u00f3n y los tr\u00e1mites, por lo que se prev\u00e9 ampliar el plazo de inscripci\u00f3n para facilitar la participaci\u00f3n de m\u00e1s personas interesadas.<\/p>\n<p style=\"text-align: justify;\">\u201cDependiendo de los resultados van a ser las contrataciones&#8230; Ha habido inter\u00e9s, vamos a ampliarla un poco m\u00e1s porque ustedes saben que el mes de diciembre es un mes complicado y luego la gente no logra ver el aviso de la convocatoria\u00bb, insisti\u00f3<\/p>\n<p style=\"text-align: justify;\">Sigui\u00f3: \u00abPensamos ampliarla para el mes de enero para que en todo caso las personas interesadas tengan un tiempo m\u00e1s amplio para la inscripci\u00f3n.\u00bb<\/p>\n<p style=\"text-align: justify;\">Aunque no se cuenta a\u00fan con una cifra precisa de registros formales, la Fiscal\u00eda report\u00f3 que ciudadanos han acudido a solicitar informaci\u00f3n y a iniciar la integraci\u00f3n de sus expedientes.<\/p>\n<p style=\"text-align: justify;\">\u00abNo tengo ahorita el dato concreto de cu\u00e1ntas tenemos, pero s\u00ed la gente se ha presentado a solicitar informaci\u00f3n y est\u00e1n llevando los documentos\u00bb, termin\u00f3.<\/p>\n<p>Por: Jos\u00e9 Luis V\u00e1zquez<\/p>\n","protected":false},"excerpt":{"rendered":"<p>SLP.- La Fiscal\u00eda General del Estado mantiene abierta la convocatoria para reforzar sus \u00e1reas operativas con nuevos elementos del Ministerio P\u00fablico y de la Polic\u00eda de Investigaci\u00f3n. El objetivo es contar con personal suficiente y generar una reserva que permita futuras contrataciones conforme a los resultados del proceso de selecci\u00f3n. De acuerdo con lo expuesto por la titular de la instituci\u00f3n, Manuela Garc\u00eda C\u00e1zares, la expectativa es incorporar alrededor de un centenar de nuevos polic\u00edas, aunque el n\u00famero final depender\u00e1 del desempe\u00f1o de quienes se inscriban y cumplan con los requisitos establecidos. \u201cTener alrededor de 100 nuevos polic\u00edas&#8230; Bueno, lo [&hellip;]<\/p>\n","protected":false},"author":2,"featured_media":188759,"comment_status":"closed","ping_status":"closed","sticky":false,"template":"","format":"video","meta":{"_monsterinsights_skip_tracking":false,"_monsterinsights_sitenote_active":false,"_monsterinsights_sitenote_note":"","_monsterinsights_sitenote_category":0,"footnotes":""},"categories":[5,45],"tags":[],"class_list":["post-188726","post","type-post","status-publish","format-video","has-post-thumbnail","hentry","category-destacadas","category-localesyregionales","post_format-post-format-video","post--single"],"_links":{"self":[{"href":"https:\/\/canal7slp.tv\/2026\/wp-json\/wp\/v2\/posts\/188726","targetHints":{"allow":["GET"]}}],"collection":[{"href":"https:\/\/canal7slp.tv\/2026\/wp-json\/wp\/v2\/posts"}],"about":[{"href":"https:\/\/canal7slp.tv\/2026\/wp-json\/wp\/v2\/types\/post"}],"author":[{"embeddable":true,"href":"https:\/\/canal7slp.tv\/2026\/wp-json\/wp\/v2\/users\/2"}],"replies":[{"embeddable":true,"href":"https:\/\/canal7slp.tv\/2026\/wp-json\/wp\/v2\/comments?post=188726"}],"version-history":[{"count":2,"href":"https:\/\/canal7slp.tv\/2026\/wp-json\/wp\/v2\/posts\/188726\/revisions"}],"predecessor-version":[{"id":188760,"href":"https:\/\/canal7slp.tv\/2026\/wp-json\/wp\/v2\/posts\/188726\/revisions\/188760"}],"wp:featuredmedia":[{"embeddable":true,"href":"https:\/\/canal7slp.tv\/2026\/wp-json\/wp\/v2\/media\/188759"}],"wp:attachment":[{"href":"https:\/\/canal7slp.tv\/2026\/wp-json\/wp\/v2\/media?parent=188726"}],"wp:term":[{"taxonomy":"category","embeddable":true,"href":"https:\/\/canal7slp.tv\/2026\/wp-json\/wp\/v2\/categories?post=188726"},{"taxonomy":"post_tag","embeddable":true,"href":"https:\/\/canal7slp.tv\/2026\/wp-json\/wp\/v2\/tags?post=188726"}],"curies":[{"name":"wp","href":"https:\/\/api.w.org\/{rel}","templated":true}]}}